{"id":150209,"date":"2025-08-25T20:58:31","date_gmt":"2025-08-25T18:58:31","guid":{"rendered":"https:\/\/hadnews.com\/ro\/expertiza-ora-cu-dumitru-misin-editia-din-25-august-2025\/"},"modified":"2025-08-25T20:58:31","modified_gmt":"2025-08-25T18:58:31","slug":"expertiza-ora-cu-dumitru-misin-editia-din-25-august-2025","status":"publish","type":"post","link":"https:\/\/hadnews.com\/ro\/expertiza-ora-cu-dumitru-misin-editia-din-25-august-2025\/","title":{"rendered":"Expertiza Ora cu Dumitru Mi\u0219in &#8211; Edi\u021bia din 25 August 2025"},"content":{"rendered":"<h2>Ora Expertizei cu Dumitru Mi\u0219in \u2013 Edi\u021bia din 25.08.2025<\/h2>\n<p>\u00cen edi\u021bia din 25 august 2025 a emisiunii &quot;Ora Expertizei&quot;, moderatorul Dumitru Mi\u0219in \u00eei va avea ca invita\u021bi pe patru exper\u021bi eminen\u021bi: Lilian Carp, Petru Macovei, Andrei Cur\u0103raru \u0219i Ion Guzun. Ace\u0219ti speciali\u0219ti vor aduce \u00een discu\u021bie subiecte relevante pentru societatea noastr\u0103, av\u00e2nd scopul de a oferi o analiz\u0103 profund\u0103 \u0219i informa\u021bii valoroase despre evolu\u021biile curente din diferite domenii.<\/p>\n<p>Lilian Carp, cunoscut pentru contribu\u021biile sale \u00een domeniul social \u0219i politic, va aduce o perspectiv\u0103 critic\u0103 asupra situa\u021biei actuale din \u021bar\u0103. Petru Macovei, expert \u00een comunicare, va discuta despre impactul mediului digital asupra opiniilor publice \u0219i modul \u00een care informa\u021bia circul\u0103 \u00een era modern\u0103. Andrei Cur\u0103raru, specialist \u00een \u0219tiin\u021be economice, va analiza provoc\u0103rile cu care se confrunt\u0103 economia na\u021bional\u0103, iar Ion Guzun, cunoscut pentru activitatea sa \u00een domeniu legislativ, va expune aspecte cheie despre reformele necesare \u00een cadrul institu\u021biilor de stat.<\/p>\n<p>Emisiunea promite a fi un forum de dezbatere stimulant, \u00een care invita\u021bii vor r\u0103spunde \u00eentreb\u0103rilor publicului \u0219i vor aduce clarific\u0103ri asupra temelor controversate ce preocup\u0103 societatea rom\u00e2neasc\u0103 contemporan\u0103.<\/p>\n<p>\u201eOra Expertizei\u201d se dovede\u0219te a fi nu doar o platform\u0103 informativ\u0103, ci \u0219i un spa\u021biu de reflec\u021bie asupra direc\u021biei \u00een care se \u00eendreapt\u0103 Rom\u00e2nia. Asigura\u021bi-v\u0103 c\u0103 nu rata\u021bi aceasta edi\u021bie captivant\u0103, plin\u0103 de idei \u0219i solu\u021bii pertinente!<\/p>\n<p><\/p>\n<div class=\"video-container\">\n    <iframe class=\"video\" src=\"https:\/\/www.youtube.com\/embed\/FNfaofy8QPY\" allowfullscreen><\/iframe>\n<\/div>\n<p><i>Video &#8220;Ora Expertizei cu Dumitru Mi\u0219in, edi\u021bia din 25.08.2025\u201d a fost \u00eenc\u0103rcat pe 25\/08\/2025 pe canalul YouTube <a href=\"https:\/\/www.youtube.com\/channel\/UCJYCClZe1UppC6q3XJ4Mp2A\" target=\"_blank\"> Jurnal TV <\/a><\/i><\/p>\n","protected":false},"excerpt":{"rendered":"<p>Ora Expertizei cu Dumitru Mi\u0219in \u2013 Edi\u021bia din 25.08.2025 \u00cen edi\u021bia din 25 august 2025 a emisiunii &quot;Ora Expertizei&quot;, moderatorul Dumitru Mi\u0219in \u00eei va avea ca invita\u021bi pe patru exper\u021bi eminen\u021bi: Lilian Carp, Petru Macovei, Andrei Cur\u0103raru \u0219i Ion Guzun&#8230;<\/p>\n","protected":false},"author":85,"featured_media":150210,"comment_status":"","ping_status":"open","sticky":false,"template":"","format":"standard","meta":{"footnotes":""},"categories":[8158],"tags":[65639,15243,61660,58798,65638],"class_list":{"0":"post-150209","1":"post","2":"type-post","3":"status-publish","4":"format-standard","5":"has-post-thumbnail","7":"category-stiri","8":"tag-dumitru-misin","9":"tag-emisiune","10":"tag-invitati","11":"tag-jurnal-tv","12":"tag-ora-expertizei"},"_links":{"self":[{"href":"https:\/\/hadnews.com\/ro\/wp-json\/wp\/v2\/posts\/150209","targetHints":{"allow":["GET"]}}],"collection":[{"href":"https:\/\/hadnews.com\/ro\/wp-json\/wp\/v2\/posts"}],"about":[{"href":"https:\/\/hadnews.com\/ro\/wp-json\/wp\/v2\/types\/post"}],"author":[{"embeddable":true,"href":"https:\/\/hadnews.com\/ro\/wp-json\/wp\/v2\/users\/85"}],"replies":[{"embeddable":true,"href":"https:\/\/hadnews.com\/ro\/wp-json\/wp\/v2\/comments?post=150209"}],"version-history":[{"count":0,"href":"https:\/\/hadnews.com\/ro\/wp-json\/wp\/v2\/posts\/150209\/revisions"}],"wp:featuredmedia":[{"embeddable":true,"href":"https:\/\/hadnews.com\/ro\/wp-json\/wp\/v2\/media\/150210"}],"wp:attachment":[{"href":"https:\/\/hadnews.com\/ro\/wp-json\/wp\/v2\/media?parent=150209"}],"wp:term":[{"taxonomy":"category","embeddable":true,"href":"https:\/\/hadnews.com\/ro\/wp-json\/wp\/v2\/categories?post=150209"},{"taxonomy":"post_tag","embeddable":true,"href":"https:\/\/hadnews.com\/ro\/wp-json\/wp\/v2\/tags?post=150209"}],"curies":[{"name":"wp","href":"https:\/\/api.w.org\/{rel}","templated":true}]}}