{"id":151446,"date":"2025-09-04T15:06:26","date_gmt":"2025-09-04T13:06:26","guid":{"rendered":"https:\/\/hadnews.com\/ro\/moldovan-houses-restored-with-french-support\/"},"modified":"2025-09-04T15:06:26","modified_gmt":"2025-09-04T13:06:26","slug":"moldovan-houses-restored-with-french-support","status":"publish","type":"post","link":"https:\/\/hadnews.com\/ro\/moldovan-houses-restored-with-french-support\/","title":{"rendered":"Moldovan Houses Restored with French Support"},"content":{"rendered":"<h1>Conace moldovene\u0219ti restaurate cu sprijin francez<\/h1>\n<p>Dup\u0103 aproape dou\u0103 decenii de conservare, dou\u0103 bijuterii arhitecturale din Chi\u0219in\u0103u, Vila Her\u021ba \u0219i Casa Kligman, sunt preg\u0103tite s\u0103-\u0219i rec\u00e2\u0219tige str\u0103lucirea de alt\u0103dat\u0103. Aceste edificii, emblematici pentru istoria \u0219i cultura capitalei moldovene\u0219ti, vor fi restaurate cu sprijinul guvernului francez, \u00eentr-un proiect de amploare ce aduce \u00eempreun\u0103 expertiza interna\u021bional\u0103 \u0219i resursele financiare necesare.<\/p>\n<p>Costurile totale ale restaur\u0103rii se ridic\u0103 la peste \u0219apte milioane de euro, o investi\u021bie semnificativ\u0103 ce subliniaz\u0103 angajamentul Fran\u021bei fa\u021b\u0103 de patrimoniul cultural al Moldovei. Vila Her\u021ba, cunoscut\u0103 pentru elegan\u021ba sa arhitectural\u0103 \u0219i pove\u0219tile pe care le ascunde, \u0219i Casa Kligman, cu detalii ce reflect\u0103 stilul de via\u021b\u0103 din perioada interbelic\u0103, vor beneficia de lucr\u0103ri meticuloase, menite s\u0103 p\u0103streze autenticitatea \u0219i caracterul lor unic.<\/p>\n<p>Aceste monumente nu sunt doar cl\u0103diri; ele sunt martorii unei epoci trecute, reprezent\u00e2nd tradi\u021biile \u0219i valorile comunit\u0103\u021bii locale. Restaurarea lor va contribui nu doar la revitalizarea zonei, dar \u0219i la atragerea de turi\u0219ti \u0219i la educarea viitoarelor genera\u021bii despre patrimoniul cultural al regiunii.<\/p>\n<p>Sprijinul francez \u00een aceast\u0103 ini\u021biativ\u0103 este parte dintr-un efort mai amplu de colaborare cultural\u0103 \u0219i de dezvoltare durabil\u0103, care \u00ee\u0219i propune s\u0103 \u00eent\u0103reasc\u0103 rela\u021biile dintre Moldova \u0219i Fran\u021ba. Astfel, proiectul de restaurare devine un simbol al prieteniei \u0219i parteneriatului \u00eentre cele dou\u0103 \u021b\u0103ri.<\/p>\n<p>\u00cen concluzie, restaurarea Vilei Her\u021ba \u0219i a Casei Kligman marcheaz\u0103 un pas important \u00een conservarea patrimoniului cultural moldovenesc, oferind oportunit\u0103\u021bi nu doar pentru protejarea istoriei, ci \u0219i pentru promovarea unei imagini deosebite a Chi\u0219in\u0103ului pe plan interna\u021bional. Cu un sprijin consistent din partea Fran\u021bei, aceste conace moldovene\u0219ti vor str\u0103luci din nou, p\u0103str\u00e2nd vie amintirea unei epoci de aur.<\/p>\n<p><\/p>\n<div class=\"video-container\">\n    <iframe class=\"video\" src=\"https:\/\/www.youtube.com\/embed\/c2bp0d9qqP8\" allowfullscreen><\/iframe>\n<\/div>\n<p><i>Video &#8220;Conace moldovene\u0219ti restaurate cu sprijin francez\u201d a fost \u00eenc\u0103rcat pe 04\/09\/2025 pe canalul YouTube <a href=\"https:\/\/www.youtube.com\/channel\/UCGGIVRhyZZLdWTMeBEqX2Vg\" target=\"_blank\"> Europa Liber\u0103 Moldova <\/a><\/i><\/p>\n","protected":false},"excerpt":{"rendered":"<p>Conace moldovene\u0219ti restaurate cu sprijin francez Dup\u0103 aproape dou\u0103 decenii de conservare, dou\u0103 bijuterii arhitecturale din Chi\u0219in\u0103u, Vila Her\u021ba \u0219i Casa Kligman, sunt preg\u0103tite s\u0103-\u0219i rec\u00e2\u0219tige str\u0103lucirea de alt\u0103dat\u0103. Aceste edificii, emblematici pentru&#8230;<\/p>\n","protected":false},"author":86,"featured_media":151447,"comment_status":"","ping_status":"open","sticky":false,"template":"","format":"standard","meta":{"footnotes":""},"categories":[1],"tags":[62259,2344,59042,90716,61201],"class_list":{"0":"post-151446","1":"post","2":"type-post","3":"status-publish","4":"format-standard","5":"has-post-thumbnail","7":"category-societate","8":"tag-arhitectura","9":"tag-franta","10":"tag-moldova","11":"tag-monumente","12":"tag-renovare"},"_links":{"self":[{"href":"https:\/\/hadnews.com\/ro\/wp-json\/wp\/v2\/posts\/151446","targetHints":{"allow":["GET"]}}],"collection":[{"href":"https:\/\/hadnews.com\/ro\/wp-json\/wp\/v2\/posts"}],"about":[{"href":"https:\/\/hadnews.com\/ro\/wp-json\/wp\/v2\/types\/post"}],"author":[{"embeddable":true,"href":"https:\/\/hadnews.com\/ro\/wp-json\/wp\/v2\/users\/86"}],"replies":[{"embeddable":true,"href":"https:\/\/hadnews.com\/ro\/wp-json\/wp\/v2\/comments?post=151446"}],"version-history":[{"count":0,"href":"https:\/\/hadnews.com\/ro\/wp-json\/wp\/v2\/posts\/151446\/revisions"}],"wp:featuredmedia":[{"embeddable":true,"href":"https:\/\/hadnews.com\/ro\/wp-json\/wp\/v2\/media\/151447"}],"wp:attachment":[{"href":"https:\/\/hadnews.com\/ro\/wp-json\/wp\/v2\/media?parent=151446"}],"wp:term":[{"taxonomy":"category","embeddable":true,"href":"https:\/\/hadnews.com\/ro\/wp-json\/wp\/v2\/categories?post=151446"},{"taxonomy":"post_tag","embeddable":true,"href":"https:\/\/hadnews.com\/ro\/wp-json\/wp\/v2\/tags?post=151446"}],"curies":[{"name":"wp","href":"https:\/\/api.w.org\/{rel}","templated":true}]}}