{"id":151926,"date":"2025-09-08T22:15:47","date_gmt":"2025-09-08T20:15:47","guid":{"rendered":"https:\/\/hadnews.com\/ro\/expertiza-ora-cu-dumitru-misin-editia-din-8-septembrie-2025\/"},"modified":"2025-09-08T22:15:47","modified_gmt":"2025-09-08T20:15:47","slug":"expertiza-ora-cu-dumitru-misin-editia-din-8-septembrie-2025","status":"publish","type":"post","link":"https:\/\/hadnews.com\/ro\/expertiza-ora-cu-dumitru-misin-editia-din-8-septembrie-2025\/","title":{"rendered":"Expertiza Ora cu Dumitru Mi\u0219in, edi\u021bia din 8 septembrie 2025"},"content":{"rendered":"<h2>Ora Expertizei cu Dumitru Mi\u0219in \u2013 Edi\u021bia din 08.09.2025<\/h2>\n<p>Pe 8 septembrie 2025, emisiunea \u201eOra Expertizei\u201d cu Dumitru Mi\u0219in promite o dezbatere captivant\u0103, aduc\u00e2nd \u00een prim-plan patru invita\u021bi de seam\u0103: Andrei Cur\u0103raru, Arina Sp\u0103taru, Mihai Bologan \u0219i Vitalia Pavlicenco. Ace\u0219ti exper\u021bi din diverse domenii vor analiza cele mai recente evenimente de pe agenda public\u0103 \u0219i vor \u00eemp\u0103rt\u0103\u0219i perspectivele lor asupra problemelor de actualitate care afecteaz\u0103 societatea moldoveneasc\u0103.<\/p>\n<p>Andrei Cur\u0103raru, cu experien\u021ba sa \u00een domeniul politicii \u0219i al analizei sociale, va oferi un context esen\u021bial pentru discu\u021biile care urmeaz\u0103. Arina Sp\u0103taru, cunoscut\u0103 pentru abord\u0103rile sale inovative \u00een sfera educa\u021biei, va explora modul \u00een care problemele actuale influen\u021beaz\u0103 genera\u021biile tinere. Mihai Bologan, expert \u00een economie, va aduce o viziune detaliat\u0103 asupra impactului economic al celor mai recente m\u0103suri guvernamentale. \u00cen fine, Vitalia Pavlicenco, cu un istoric \u00eendelungat \u00een activismul civic, va pune accent pe importan\u021ba implic\u0103rii comunit\u0103\u021bii \u00een via\u021ba democratic\u0103 a \u021b\u0103rii.<\/p>\n<p>Emisiunea va aborda subiecte diverse, de la provoc\u0103rile economice \u0219i sociale, la reformele necesare \u00een educa\u021bie \u0219i s\u0103n\u0103tate. Moderatorul Dumitru Mi\u0219in va facilita discu\u021bia, pun\u00e2nd \u00eentreb\u0103ri incisive \u0219i asigur\u00e2ndu-se c\u0103 fiecare invitat are \u0219ansa de a-\u0219i exprima opinia.<\/p>\n<p>Este o edi\u021bie care nu trebuie ratat\u0103, av\u00e2nd \u00een vedere relevan\u021ba subiectelor discutate \u0219i expertiza invita\u021bilor. \u201eOra Expertizei\u201d continu\u0103 s\u0103 fie un spa\u021biu de dialog \u0219i reflec\u021bie, oferind spectatorilor nu doar informa\u021bii, ci \u0219i instrumente pentru a \u00een\u021belege mai bine complexitatea lumii \u00een care tr\u0103im.<\/p>\n<p><\/p>\n<div class=\"video-container\">\n    <iframe class=\"video\" src=\"https:\/\/www.youtube.com\/embed\/8L-cRfYlXCo\" allowfullscreen><\/iframe>\n<\/div>\n<p><i>Video &#8220;Ora Expertizei cu Dumitru Mi\u0219in, edi\u021bia din 08.09.2025\u201d a fost \u00eenc\u0103rcat pe 08\/09\/2025 pe canalul YouTube <a href=\"https:\/\/www.youtube.com\/channel\/UCJYCClZe1UppC6q3XJ4Mp2A\" target=\"_blank\"> Jurnal TV <\/a><\/i><\/p>\n","protected":false},"excerpt":{"rendered":"<p>Ora Expertizei cu Dumitru Mi\u0219in \u2013 Edi\u021bia din 08.09.2025 Pe 8 septembrie 2025, emisiunea \u201eOra Expertizei\u201d cu Dumitru Mi\u0219in promite o dezbatere captivant\u0103, aduc\u00e2nd \u00een prim-plan patru invita\u021bi de seam\u0103: Andrei Cur\u0103raru, Arina Sp\u0103taru, Mihai Bologan \u0219i Vitalia&#8230;<\/p>\n","protected":false},"author":85,"featured_media":151927,"comment_status":"","ping_status":"open","sticky":false,"template":"","format":"standard","meta":{"footnotes":""},"categories":[8158],"tags":[65639,15243,61660,63112,65638],"class_list":{"0":"post-151926","1":"post","2":"type-post","3":"status-publish","4":"format-standard","5":"has-post-thumbnail","7":"category-stiri","8":"tag-dumitru-misin","9":"tag-emisiune","10":"tag-invitati","11":"tag-jurnaltv","12":"tag-ora-expertizei"},"_links":{"self":[{"href":"https:\/\/hadnews.com\/ro\/wp-json\/wp\/v2\/posts\/151926","targetHints":{"allow":["GET"]}}],"collection":[{"href":"https:\/\/hadnews.com\/ro\/wp-json\/wp\/v2\/posts"}],"about":[{"href":"https:\/\/hadnews.com\/ro\/wp-json\/wp\/v2\/types\/post"}],"author":[{"embeddable":true,"href":"https:\/\/hadnews.com\/ro\/wp-json\/wp\/v2\/users\/85"}],"replies":[{"embeddable":true,"href":"https:\/\/hadnews.com\/ro\/wp-json\/wp\/v2\/comments?post=151926"}],"version-history":[{"count":0,"href":"https:\/\/hadnews.com\/ro\/wp-json\/wp\/v2\/posts\/151926\/revisions"}],"wp:featuredmedia":[{"embeddable":true,"href":"https:\/\/hadnews.com\/ro\/wp-json\/wp\/v2\/media\/151927"}],"wp:attachment":[{"href":"https:\/\/hadnews.com\/ro\/wp-json\/wp\/v2\/media?parent=151926"}],"wp:term":[{"taxonomy":"category","embeddable":true,"href":"https:\/\/hadnews.com\/ro\/wp-json\/wp\/v2\/categories?post=151926"},{"taxonomy":"post_tag","embeddable":true,"href":"https:\/\/hadnews.com\/ro\/wp-json\/wp\/v2\/tags?post=151926"}],"curies":[{"name":"wp","href":"https:\/\/api.w.org\/{rel}","templated":true}]}}