{"id":152772,"date":"2025-09-15T19:51:39","date_gmt":"2025-09-15T17:51:39","guid":{"rendered":"https:\/\/hadnews.com\/ro\/expertiza-ora-cu-dumitru-misin-15-septembrie-2025\/"},"modified":"2025-09-15T19:51:39","modified_gmt":"2025-09-15T17:51:39","slug":"expertiza-ora-cu-dumitru-misin-15-septembrie-2025","status":"publish","type":"post","link":"https:\/\/hadnews.com\/ro\/expertiza-ora-cu-dumitru-misin-15-septembrie-2025\/","title":{"rendered":"Expertiza Ora cu Dumitru Mi\u0219in, 15 septembrie 2025"},"content":{"rendered":"<p><strong>Ora Expertizei cu Dumitru Mi\u0219in &#8211; Edi\u021bia din 15 Septembrie 2025<\/strong><\/p>\n<p>\u00cen cadrul celei mai recente edi\u021bii a emisiunii \u201eOra Expertizei\u201d, difuzat\u0103 pe 15 septembrie 2025, moderat\u0103 de renumitul jurnalist Dumitru Mi\u0219in, discu\u021biile s-au axat pe subiecte de maxim\u0103 actualitate \u00een societatea moldoveneasc\u0103. Invita\u021bii speciali ai edi\u021biei, Marcela Adam, Anatol \u0218alaru \u0219i \u0218tefan Bejan, au adus perspectives valoroase asupra problemelor cu care se confrunt\u0103 \u021bara, discut\u00e2nd despre dezvoltarea economic\u0103, influen\u021bele geopolitice \u0219i provoc\u0103rile sociale.<\/p>\n<p>Marcela Adam, cunoscut\u0103 pentru contribu\u021biile sale \u00een domeniul educa\u021biei \u0219i politicii, a discutat despre importan\u021ba reformelor \u00een sistemul de \u00eenv\u0103\u021b\u0103m\u00e2nt, subliniind necesitatea de a adapta curriculumul la cerin\u021bele pie\u021bei muncii. Anatol \u0218alaru, expert \u00een rela\u021bii interna\u021bionale, a abordat teme legate de regiunile de conflict din jurul Republicii Moldova, pun\u00e2nd accent pe strategii de securitate \u0219i cooperare interna\u021bional\u0103. \u00cen final, \u0218tefan Bejan, analist economic, a expus provoc\u0103rile economice cu care se confrunt\u0103 \u021bara, oferind solu\u021bii viabile pentru cre\u0219terea economic\u0103 sustenabil\u0103.<\/p>\n<p>Aceast\u0103 edi\u021bie a \u201eOra Expertizei\u201d a oferit spectatorilor o platform\u0103 pentru a \u00een\u021belege mai bine complexitatea problemelor actuale, \u00eembin\u00e2nd informa\u021biile cu expertiza invita\u021bilor. Fiecare opinie a fost sus\u021binut\u0103 de date concrete \u0219i analize pertinente, \u00eembog\u0103\u021bind discu\u021bia \u0219i oferind o viziune clar\u0103 asupra viitorului Republicii Moldova.<\/p>\n<p>R\u0103m\u00e2ne\u021bi al\u0103turi de noi pentru a urm\u0103ri dezvoltarea acestor subiecte esen\u021biale, prin intermediul emisiunii \u201eOra Expertizei\u201d, o surs\u0103 de informa\u021bie credibil\u0103 \u0219i bine fundamentat\u0103.<\/p>\n<p><\/p>\n<div class=\"video-container\">\n    <iframe class=\"video\" src=\"https:\/\/www.youtube.com\/embed\/gezBabsMhv8\" allowfullscreen><\/iframe>\n<\/div>\n<p><i>Video &#8220;Ora Expertizei cu Dumitru Mi\u0219in, edi\u021bia din 15.09.2025\u201d a fost \u00eenc\u0103rcat pe 15\/09\/2025 pe canalul YouTube <a href=\"https:\/\/www.youtube.com\/channel\/UCJYCClZe1UppC6q3XJ4Mp2A\" target=\"_blank\"> Jurnal TV <\/a><\/i><\/p>\n","protected":false},"excerpt":{"rendered":"<p>Ora Expertizei cu Dumitru Mi\u0219in &#8211; Edi\u021bia din 15 Septembrie 2025 \u00cen cadrul celei mai recente edi\u021bii a emisiunii \u201eOra Expertizei\u201d, difuzat\u0103 pe 15 septembrie 2025, moderat\u0103 de renumitul jurnalist Dumitru Mi\u0219in, discu\u021biile s-au axat pe subiecte de maxim\u0103&#8230;<\/p>\n","protected":false},"author":85,"featured_media":152773,"comment_status":"","ping_status":"open","sticky":false,"template":"","format":"standard","meta":{"footnotes":""},"categories":[8158],"tags":[65639,15243,61660,58798,65638],"class_list":{"0":"post-152772","1":"post","2":"type-post","3":"status-publish","4":"format-standard","5":"has-post-thumbnail","7":"category-stiri","8":"tag-dumitru-misin","9":"tag-emisiune","10":"tag-invitati","11":"tag-jurnal-tv","12":"tag-ora-expertizei"},"_links":{"self":[{"href":"https:\/\/hadnews.com\/ro\/wp-json\/wp\/v2\/posts\/152772","targetHints":{"allow":["GET"]}}],"collection":[{"href":"https:\/\/hadnews.com\/ro\/wp-json\/wp\/v2\/posts"}],"about":[{"href":"https:\/\/hadnews.com\/ro\/wp-json\/wp\/v2\/types\/post"}],"author":[{"embeddable":true,"href":"https:\/\/hadnews.com\/ro\/wp-json\/wp\/v2\/users\/85"}],"replies":[{"embeddable":true,"href":"https:\/\/hadnews.com\/ro\/wp-json\/wp\/v2\/comments?post=152772"}],"version-history":[{"count":0,"href":"https:\/\/hadnews.com\/ro\/wp-json\/wp\/v2\/posts\/152772\/revisions"}],"wp:featuredmedia":[{"embeddable":true,"href":"https:\/\/hadnews.com\/ro\/wp-json\/wp\/v2\/media\/152773"}],"wp:attachment":[{"href":"https:\/\/hadnews.com\/ro\/wp-json\/wp\/v2\/media?parent=152772"}],"wp:term":[{"taxonomy":"category","embeddable":true,"href":"https:\/\/hadnews.com\/ro\/wp-json\/wp\/v2\/categories?post=152772"},{"taxonomy":"post_tag","embeddable":true,"href":"https:\/\/hadnews.com\/ro\/wp-json\/wp\/v2\/tags?post=152772"}],"curies":[{"name":"wp","href":"https:\/\/api.w.org\/{rel}","templated":true}]}}