{"id":153191,"date":"2025-09-18T13:00:41","date_gmt":"2025-09-18T11:00:41","guid":{"rendered":"https:\/\/hadnews.com\/ro\/politicienii-colaboreaza-cu-liderii-religiosi\/"},"modified":"2025-09-18T13:00:41","modified_gmt":"2025-09-18T11:00:41","slug":"politicienii-colaboreaza-cu-liderii-religiosi","status":"publish","type":"post","link":"https:\/\/hadnews.com\/ro\/politicienii-colaboreaza-cu-liderii-religiosi\/","title":{"rendered":"Politicienii colaboreaz\u0103 cu liderii religio\u0219i"},"content":{"rendered":"<p><strong>Politicienii coabiteaz\u0103 cu fe\u021bele biserice\u0219ti: O realitate controversat\u0103<\/strong><\/p>\n<p>\u00centr-o lume \u00een care separarea dintre biseric\u0103 \u0219i stat ar trebui s\u0103 fie un principiu fundamental, adesea observ\u0103m cum politicienii se sprijin\u0103 pe preo\u021bi \u0219i culte pentru a-\u0219i consolida puterea. Nicolae Panfil, reprezentant al organiza\u021biei Promo-LEX, aduce \u00een discu\u021bie aceast\u0103 dinamic\u0103 problematic\u0103, subliniind dificult\u0103\u021bile \u00een schimbarea acestei rela\u021bii str\u00e2nse.<\/p>\n<p>Panfil afirm\u0103 c\u0103 aceast\u0103 interdependen\u021b\u0103 este r\u0103d\u0103cina multor provoc\u0103ri cu care se confrunt\u0103 societatea noastr\u0103. Politicienii, \u00een c\u0103utarea legitimit\u0103\u021bii \u0219i sus\u021binerii, apeleaz\u0103 adesea la fe\u021bele biserice\u0219ti, ceea ce poate influen\u021ba deciziile politice \u0219i direc\u021biile de politic\u0103 public\u0103. Aceast\u0103 apropiere \u00eentre sfera politic\u0103 \u0219i cea religioas\u0103 duce, nu rar, la erodarea \u00eencrederii \u00een institu\u021biile statului, dar \u0219i \u00een cele religioase.<\/p>\n<p>Pentru a schimba aceast\u0103 paradigm\u0103, Panfil insist\u0103 pe importan\u021ba educa\u021biei \u0219i a dialogului deschis. Cet\u0103\u021benii trebuie s\u0103 fie informa\u021bi cu privire la implica\u021biile acestei coabit\u0103ri \u0219i s\u0103 fie capabili s\u0103 pun\u0103 \u00eentreb\u0103ri critice despre motiva\u021biile politicienilor. De asemenea, este esen\u021bial\u0103 introducerea unor m\u0103suri de sanc\u021bionare pentru a descuraja abuzurile \u0219i a promova transparen\u021ba \u00een rela\u021biile dintre politic\u0103 \u0219i religie.<\/p>\n<p>Aceasta este o tem\u0103 de maxim\u0103 actualitate, ce merit\u0103 o discu\u021bie ampl\u0103 \u00een societatea noastr\u0103. Abordarea acestor subiecte cu responsabilitate \u0219i deschidere poate contribui la consolidarea democra\u021biei \u0219i la rec\u00e2\u0219tigarea \u00eencrederii \u00een institu\u021biile fundamentale ale statului. <\/p>\n<p>Este timpul s\u0103 reflect\u0103m asupra rolului pe care \u00eel joac\u0103 fe\u021bele biserice\u0219ti \u00een peisajul politic \u0219i s\u0103 ne g\u00e2ndim la solu\u021bii viabile pentru a ne \u00eendrepta spre un viitor mai echilibrat \u0219i mai corect.<\/p>\n<p><\/p>\n<div class=\"video-container\">\n    <iframe class=\"video\" src=\"https:\/\/www.youtube.com\/embed\/KAiWajeBXYo\" allowfullscreen><\/iframe>\n<\/div>\n<p><i>Video &#8220;Politicienii coabiteaz\u0103 cu fe\u021bele biserice\u0219ti\u201d a fost \u00eenc\u0103rcat pe 18\/09\/2025 pe canalul YouTube <a href=\"https:\/\/www.youtube.com\/channel\/UCJYCClZe1UppC6q3XJ4Mp2A\" target=\"_blank\"> Jurnal TV <\/a><\/i><\/p>\n","protected":false},"excerpt":{"rendered":"<p>Politicienii coabiteaz\u0103 cu fe\u021bele biserice\u0219ti: O realitate controversat\u0103 \u00centr-o lume \u00een care separarea dintre biseric\u0103 \u0219i stat ar trebui s\u0103 fie un principiu fundamental, adesea observ\u0103m cum politicienii se sprijin\u0103 pe preo\u021bi \u0219i culte pentru a-\u0219i consolida&#8230;<\/p>\n","protected":false},"author":85,"featured_media":153192,"comment_status":"","ping_status":"open","sticky":false,"template":"","format":"standard","meta":{"footnotes":""},"categories":[8158],"tags":[62305,107949,3390,21254,59251],"class_list":{"0":"post-153191","1":"post","2":"type-post","3":"status-publish","4":"format-standard","5":"has-post-thumbnail","7":"category-stiri","8":"tag-biserica","9":"tag-culte","10":"tag-educatie","11":"tag-politica","12":"tag-sanctiuni"},"_links":{"self":[{"href":"https:\/\/hadnews.com\/ro\/wp-json\/wp\/v2\/posts\/153191","targetHints":{"allow":["GET"]}}],"collection":[{"href":"https:\/\/hadnews.com\/ro\/wp-json\/wp\/v2\/posts"}],"about":[{"href":"https:\/\/hadnews.com\/ro\/wp-json\/wp\/v2\/types\/post"}],"author":[{"embeddable":true,"href":"https:\/\/hadnews.com\/ro\/wp-json\/wp\/v2\/users\/85"}],"replies":[{"embeddable":true,"href":"https:\/\/hadnews.com\/ro\/wp-json\/wp\/v2\/comments?post=153191"}],"version-history":[{"count":0,"href":"https:\/\/hadnews.com\/ro\/wp-json\/wp\/v2\/posts\/153191\/revisions"}],"wp:featuredmedia":[{"embeddable":true,"href":"https:\/\/hadnews.com\/ro\/wp-json\/wp\/v2\/media\/153192"}],"wp:attachment":[{"href":"https:\/\/hadnews.com\/ro\/wp-json\/wp\/v2\/media?parent=153191"}],"wp:term":[{"taxonomy":"category","embeddable":true,"href":"https:\/\/hadnews.com\/ro\/wp-json\/wp\/v2\/categories?post=153191"},{"taxonomy":"post_tag","embeddable":true,"href":"https:\/\/hadnews.com\/ro\/wp-json\/wp\/v2\/tags?post=153191"}],"curies":[{"name":"wp","href":"https:\/\/api.w.org\/{rel}","templated":true}]}}