{"id":153420,"date":"2025-09-21T18:38:22","date_gmt":"2025-09-21T16:38:22","guid":{"rendered":"https:\/\/hadnews.com\/ro\/historiile-care-au-importanta-meserii-in-pericol-de-extinctie\/"},"modified":"2025-09-21T18:38:22","modified_gmt":"2025-09-21T16:38:22","slug":"historiile-care-au-importanta-meserii-in-pericol-de-extinctie","status":"publish","type":"post","link":"https:\/\/hadnews.com\/ro\/historiile-care-au-importanta-meserii-in-pericol-de-extinctie\/","title":{"rendered":"Historiile care au importan\u021b\u0103: Meserii \u00een pericol de extinc\u021bie"},"content":{"rendered":"<h1>Istorii care conteaz\u0103: Meserii pe cale de dispari\u021bie<\/h1>\n<p>\u00centr-o lume \u00een continu\u0103 schimbare, tradi\u021biile \u0219i meseriile de odinioar\u0103 risc\u0103 s\u0103 dispar\u0103, l\u0103s\u00e2nd \u00een urma lor o amprent\u0103 profund\u0103 asupra culturii \u0219i identit\u0103\u021bii noastre. Noua edi\u021bie a emisiunii \u201eIstorii care conteaz\u0103\u201d ne duce \u00eentr-o c\u0103l\u0103torie fascinant\u0103 printre meserii \u0219i \u00eendeletniciri pe cale de dispari\u021bie, aduc\u00e2nd \u00een prim-plan pove\u0219tile celor care \u00eenc\u0103 p\u0103streaz\u0103 vie aceste tradi\u021bii.<\/p>\n<p>\u00cen inima Moldovei, fermierii se confrunt\u0103 cu provoc\u0103ri majore. Num\u0103rul oilor scade alarmant, iar l\u00e2na, odat\u0103 un material valoros, ajunge adesea la gunoi. Aceast\u0103 situa\u021bie este cu at\u00e2t mai \u00eengrijor\u0103toare av\u00e2nd \u00een vedere c\u0103, \u00een trecut, din l\u00e2na oilor se confec\u021bionau covoare, pl\u0103pumi sau \u00eembr\u0103c\u0103minte de cea mai bun\u0103 calitate. Ast\u0103zi, aceast\u0103 tradi\u021bie se stinge, iar economiile locale sufer\u0103.<\/p>\n<p>Pe de alt\u0103 parte, \u00een Criuleni, ultimele planta\u021bii de tutun se men\u021bin cu greu, cultivarea acestuia fiind descurajat\u0103 de m\u0103surile statului. Aceast\u0103 activitate, odat\u0103 vital\u0103 pentru comunitate, este acum pe cale de dispari\u021bie, iar agricultorii se tem c\u0103 vor pierde nu doar o surs\u0103 de venit, ci \u0219i o parte din mo\u0219tenirea cultural\u0103.<\/p>\n<p>\u00cens\u0103 nu totul este pierdut. La B\u0103l\u0103b\u0103ne\u0219ti, Ion Sahanovschi a reu\u0219it s\u0103 reintroduc\u0103 cultura c\u00e2nepii industriale \u00een Moldova, dup\u0103 ce aceasta a fost scoas\u0103 de pe lista plantelor interzise. Aceast\u0103 ini\u021biativ\u0103 nu doar c\u0103 aduce noi speran\u021be pentru fermierii din zon\u0103, dar \u0219i c\u00e2teva oportunit\u0103\u021bi de dezvoltare economic\u0103 \u0219i de revigorare a meseriilor tradi\u021bionale.<\/p>\n<p>Emisiunea \u201eIstorii care conteaz\u0103\u201d ne ofer\u0103 o privire atent\u0103 asupra acestor subiecte, subliniind importan\u021ba preserv\u0103rii meseriilor pe cale de dispari\u021bie \u0219i provoc\u0103rile cu care se confrunt\u0103 comunit\u0103\u021bile locale. Este un apel la ac\u021biune pentru a proteja nu doar economiile locale, ci \u0219i tradi\u021biile care ne definesc cultura.<\/p>\n<p>Prin explorarea acestor pove\u0219ti, realizatorii emisiunii ne invit\u0103 s\u0103 reflect\u0103m asupra valorii acestor meserii \u0219i s\u0103 ne implic\u0103m \u00een salvarea lor, pentru ca genera\u021biile viitoare s\u0103 nu piard\u0103 leg\u0103tura cu istoria \u0219i mo\u0219tenirea noastr\u0103.<\/p>\n<p><\/p>\n<div class=\"video-container\">\n    <iframe class=\"video\" src=\"https:\/\/www.youtube.com\/embed\/uoVTWUFR40I\" allowfullscreen><\/iframe>\n<\/div>\n<p><i>Video &#8220;Istorii care conteaz\u0103: Meserii pe cale de dispari\u021bie\u201d a fost \u00eenc\u0103rcat pe 21\/09\/2025 pe canalul YouTube <a href=\"https:\/\/www.youtube.com\/channel\/UCGGIVRhyZZLdWTMeBEqX2Vg\" target=\"_blank\"> Europa Liber\u0103 Moldova <\/a><\/i><\/p>\n","protected":false},"excerpt":{"rendered":"<p>Istorii care conteaz\u0103: Meserii pe cale de dispari\u021bie \u00centr-o lume \u00een continu\u0103 schimbare, tradi\u021biile \u0219i meseriile de odinioar\u0103 risc\u0103 s\u0103 dispar\u0103, l\u0103s\u00e2nd \u00een urma lor o amprent\u0103 profund\u0103 asupra culturii \u0219i identit\u0103\u021bii noastre. Noua edi\u021bie a emisiunii \u201eIstorii care&#8230;<\/p>\n","protected":false},"author":86,"featured_media":153421,"comment_status":"","ping_status":"open","sticky":false,"template":"","format":"standard","meta":{"footnotes":""},"categories":[1],"tags":[87124,99217,90898,59042,13977],"class_list":{"0":"post-153420","1":"post","2":"type-post","3":"status-publish","4":"format-standard","5":"has-post-thumbnail","7":"category-societate","8":"tag-disparitie","9":"tag-istorii","10":"tag-meserii","11":"tag-moldova","12":"tag-traditii"},"_links":{"self":[{"href":"https:\/\/hadnews.com\/ro\/wp-json\/wp\/v2\/posts\/153420","targetHints":{"allow":["GET"]}}],"collection":[{"href":"https:\/\/hadnews.com\/ro\/wp-json\/wp\/v2\/posts"}],"about":[{"href":"https:\/\/hadnews.com\/ro\/wp-json\/wp\/v2\/types\/post"}],"author":[{"embeddable":true,"href":"https:\/\/hadnews.com\/ro\/wp-json\/wp\/v2\/users\/86"}],"replies":[{"embeddable":true,"href":"https:\/\/hadnews.com\/ro\/wp-json\/wp\/v2\/comments?post=153420"}],"version-history":[{"count":0,"href":"https:\/\/hadnews.com\/ro\/wp-json\/wp\/v2\/posts\/153420\/revisions"}],"wp:featuredmedia":[{"embeddable":true,"href":"https:\/\/hadnews.com\/ro\/wp-json\/wp\/v2\/media\/153421"}],"wp:attachment":[{"href":"https:\/\/hadnews.com\/ro\/wp-json\/wp\/v2\/media?parent=153420"}],"wp:term":[{"taxonomy":"category","embeddable":true,"href":"https:\/\/hadnews.com\/ro\/wp-json\/wp\/v2\/categories?post=153420"},{"taxonomy":"post_tag","embeddable":true,"href":"https:\/\/hadnews.com\/ro\/wp-json\/wp\/v2\/tags?post=153420"}],"curies":[{"name":"wp","href":"https:\/\/api.w.org\/{rel}","templated":true}]}}