{"id":153700,"date":"2025-09-23T16:13:08","date_gmt":"2025-09-23T14:13:08","guid":{"rendered":"https:\/\/hadnews.com\/ro\/trigger-september-23-2025\/"},"modified":"2025-09-23T16:13:08","modified_gmt":"2025-09-23T14:13:08","slug":"trigger-september-23-2025","status":"publish","type":"post","link":"https:\/\/hadnews.com\/ro\/trigger-september-23-2025\/","title":{"rendered":"Trigger: September 23, 2025"},"content":{"rendered":"<h3>Titrul: T\u0440\u0438\u0433\u0433\u0435\u0440 &#8211; 23.09.2025: O Privire Asupra Evenimentelor Cheie<\/h3>\n<p>Pe data de 23 septembrie 2025, Jurnal TV a preg\u0103tit un nou episod din seria &quot;\u0422\u0440\u0438\u0433\u0433\u0435\u0440&quot;, dedicat analiz\u0103rii celor mai importante evenimente \u0219i tendin\u021be din societatea noastr\u0103. \u00centr-o lume \u00een continu\u0103 schimbare, este esen\u021bial s\u0103 r\u0103m\u00e2nem informa\u021bi \u0219i s\u0103 reflect\u0103m asupra impactului acestor evenimente asupra vie\u021bii de zi cu zi.<\/p>\n<p>Episodul aduce \u00een prim-plan subiecte variate, de la economia global\u0103 \u0219i provoc\u0103rile politice, p\u00e2n\u0103 la problemele sociale care ne afecteaz\u0103 comunit\u0103\u021bile. Jurnali\u0219tii no\u0219tri, echipa\u021bi cu cele mai recente date \u0219i analize, vor explora nu doar faptele, ci \u0219i implica\u021biile acestora, \u00eencerc\u00e2nd s\u0103 ofere o viziune clar\u0103 \u0219i bine fundamentat\u0103.<\/p>\n<p>\u00cen aceast\u0103 edi\u021bie, vom analiza cum deciziile politice la nivel interna\u021bional pot influen\u021ba economia local\u0103 \u0219i via\u021ba cet\u0103\u021benilor, dar \u0219i impactul schimb\u0103rilor climatice asupra societ\u0103\u021bii noastre. Interviuri cu exper\u021bi \u00een domeniu \u0219i m\u0103rturii ale oamenilor de r\u00e2nd vor completa imaginea de ansamblu.<\/p>\n<p>De asemenea, ne propunem s\u0103 discut\u0103m despre cum mass-media poate modela percep\u021biile publicului \u0219i s\u0103 aducem \u00een discu\u021bie rolul responsabilit\u0103\u021bii jurnalistice \u00een informarea corect\u0103 a cet\u0103\u021benilor.<\/p>\n<p>&quot;\u0422\u0440\u0438\u0433\u0433\u0435\u0440&quot; se dovede\u0219te a fi mai mult dec\u00e2t un simplu program de \u0219tiri; este o platform\u0103 de dezbatere, un spa\u021biu \u00een care vocea comunit\u0103\u021bii este ascultat\u0103, iar perspectivele diverse sunt \u00eencurajate. Prin intermediul acestui format dinamic, ne dorim s\u0103 \u00eencuraj\u0103m g\u00e2ndirea critic\u0103 \u0219i s\u0103 stimul\u0103m implicarea activ\u0103 a cet\u0103\u021benilor \u00een via\u021ba public\u0103.<\/p>\n<p>R\u0103m\u00e2ne\u021bi al\u0103turi de noi pentru o analiz\u0103 profund\u0103 \u0219i obiectiv\u0103 a evenimentelor din jurul nostru!<\/p>\n<p><\/p>\n<div class=\"video-container\">\n    <iframe class=\"video\" src=\"https:\/\/www.youtube.com\/embed\/W8toWLwRke4\" allowfullscreen><\/iframe>\n<\/div>\n<p><i>Video &#8220;\u0422\u0440\u0438\u0433\u0433\u0435\u0440, 23.09.2025\u201d a fost \u00eenc\u0103rcat pe 23\/09\/2025 pe canalul YouTube <a href=\"https:\/\/www.youtube.com\/channel\/UCJYCClZe1UppC6q3XJ4Mp2A\" target=\"_blank\"> Jurnal TV <\/a><\/i><\/p>\n","protected":false},"excerpt":{"rendered":"<p>Titrul: T\u0440\u0438\u0433\u0433\u0435\u0440 &#8211; 23.09.2025: O Privire Asupra Evenimentelor Cheie Pe data de 23 septembrie 2025, Jurnal TV a preg\u0103tit un nou episod din seria &quot;\u0422\u0440\u0438\u0433\u0433\u0435\u0440&quot;, dedicat analiz\u0103rii celor mai importante evenimente \u0219i tendin\u021be din societatea noastr\u0103&#8230;<\/p>\n","protected":false},"author":85,"featured_media":153701,"comment_status":"","ping_status":"open","sticky":false,"template":"","format":"standard","meta":{"footnotes":""},"categories":[8158],"tags":[107698,13308,13307,58802,58780],"class_list":{"0":"post-153700","1":"post","2":"type-post","3":"status-publish","4":"format-standard","5":"has-post-thumbnail","7":"category-stiri","8":"tag-journaltv","9":"tag-news","10":"tag-socialmedia","11":"tag-trigger","12":"tag-youtube"},"_links":{"self":[{"href":"https:\/\/hadnews.com\/ro\/wp-json\/wp\/v2\/posts\/153700","targetHints":{"allow":["GET"]}}],"collection":[{"href":"https:\/\/hadnews.com\/ro\/wp-json\/wp\/v2\/posts"}],"about":[{"href":"https:\/\/hadnews.com\/ro\/wp-json\/wp\/v2\/types\/post"}],"author":[{"embeddable":true,"href":"https:\/\/hadnews.com\/ro\/wp-json\/wp\/v2\/users\/85"}],"replies":[{"embeddable":true,"href":"https:\/\/hadnews.com\/ro\/wp-json\/wp\/v2\/comments?post=153700"}],"version-history":[{"count":0,"href":"https:\/\/hadnews.com\/ro\/wp-json\/wp\/v2\/posts\/153700\/revisions"}],"wp:featuredmedia":[{"embeddable":true,"href":"https:\/\/hadnews.com\/ro\/wp-json\/wp\/v2\/media\/153701"}],"wp:attachment":[{"href":"https:\/\/hadnews.com\/ro\/wp-json\/wp\/v2\/media?parent=153700"}],"wp:term":[{"taxonomy":"category","embeddable":true,"href":"https:\/\/hadnews.com\/ro\/wp-json\/wp\/v2\/categories?post=153700"},{"taxonomy":"post_tag","embeddable":true,"href":"https:\/\/hadnews.com\/ro\/wp-json\/wp\/v2\/tags?post=153700"}],"curies":[{"name":"wp","href":"https:\/\/api.w.org\/{rel}","templated":true}]}}