{"id":153718,"date":"2025-09-24T10:09:22","date_gmt":"2025-09-24T08:09:22","guid":{"rendered":"https:\/\/hadnews.com\/ro\/filarmonica-nationala-cinci-ani-de-ruine-proiect-de-reconstructie-fara-finantare\/"},"modified":"2025-09-24T10:09:22","modified_gmt":"2025-09-24T08:09:22","slug":"filarmonica-nationala-cinci-ani-de-ruine-proiect-de-reconstructie-fara-finantare","status":"publish","type":"post","link":"https:\/\/hadnews.com\/ro\/filarmonica-nationala-cinci-ani-de-ruine-proiect-de-reconstructie-fara-finantare\/","title":{"rendered":"Filarmonica Na\u021bional\u0103: Cinci Ani de Ruine &#8211; Proiect de Reconstruc\u021bie F\u0103r\u0103 Finan\u021bare"},"content":{"rendered":"<h1>Filarmonica Na\u021bional\u0103, cinci ani \u00een ruine: exist\u0103 proiect de reconstruc\u021bie, nu \u0219i bani<\/h1>\n<p>La cinci ani de la incendiul devastator care a l\u0103sat Filarmonica Na\u021bional\u0103 \u00eentr-o stare de degradare avansat\u0103, cl\u0103direa emblematic\u0103 a capitalei noastre se afl\u0103 \u00eentr-o situa\u021bie critic\u0103. Din p\u0103cate, aceasta a devenit nu doar un simbol al pierderii culturale, ci \u0219i al indiferen\u021bei autorit\u0103\u021bilor. \u00cen prezent, fostul templu al muzicii este ad\u0103post pentru boschetari \u0219i un depozit de gunoi, iar speran\u021bele de reintegrare a acestuia \u00een via\u021ba cultural\u0103 a ora\u0219ului par a fi extrem de \u00eendep\u0103rtate.<\/p>\n<p>Proiectul de reconstruc\u021bie existat, c\u00e2\u0219tigat de o echip\u0103 de arhitec\u021bi germani, promite o revitalizare impresionant\u0103 a cl\u0103dirii, \u00eens\u0103 costurile exorbitante de 75 de milioane de euro reprezint\u0103 o barier\u0103 insurmontabil\u0103. \u00cen condi\u021biile \u00een care autorit\u0103\u021bile locale se confrunt\u0103 cu probleme financiare acute, g\u0103sirea resurselor necesare pentru realizarea acestui proiect ambi\u021bios devine tot mai complicat\u0103.<\/p>\n<p>Indiferent de inten\u021biile bune, \u00eent\u00e2rzierile \u00een procesul de reconstruc\u021bie reflect\u0103 o criz\u0103 de priorit\u0103\u021bi \u00een gestionarea patrimoniului cultural al \u021b\u0103rii. Cet\u0103\u021benii se \u00eentreab\u0103 cu \u00eengrijorare de ce Ministrul Culturii \u0219i autorit\u0103\u021bile competente nu reu\u0219esc s\u0103 g\u0103seasc\u0103 solu\u021bii viabile pentru re\u00eenvierea acestui simbol cultural. Este timpul ca vocea societ\u0103\u021bii civile s\u0103 fie auzit\u0103 mai tare, iar responsabilitatea de a salva Filarmonica Na\u021bional\u0103 s\u0103 devin\u0103 o prioritate na\u021bional\u0103. <\/p>\n<p>\u00cen absen\u021ba ac\u021biunilor concrete \u0219i a voin\u021bei politice, cl\u0103direa emblematic\u0103 risc\u0103 s\u0103 devin\u0103 un monument al neglijen\u021bei, o amintire trist\u0103 a unui trecut glorios care, din p\u0103cate, pare c\u0103 se pierde pe zi ce trece.<\/p>\n<p><\/p>\n<div class=\"video-container\">\n    <iframe class=\"video\" src=\"https:\/\/www.youtube.com\/embed\/eIXfbCCCWgo\" allowfullscreen><\/iframe>\n<\/div>\n<p><i>Video &#8220;Filarmonica Na\u021bional\u0103, cinci ani \u00een ruine: exist\u0103 proiect de reconstruc\u021bie, nu \u0219i bani\u201d a fost \u00eenc\u0103rcat pe 24\/09\/2025 pe canalul YouTube <a href=\"https:\/\/www.youtube.com\/channel\/UCGGIVRhyZZLdWTMeBEqX2Vg\" target=\"_blank\"> Europa Liber\u0103 Moldova <\/a><\/i><\/p>\n","protected":false},"excerpt":{"rendered":"<p>Filarmonica Na\u021bional\u0103, cinci ani \u00een ruine: exist\u0103 proiect de reconstruc\u021bie, nu \u0219i bani La cinci ani de la incendiul devastator care a l\u0103sat Filarmonica Na\u021bional\u0103 \u00eentr-o stare de degradare avansat\u0103, cl\u0103direa emblematic\u0103 a capitalei noastre se afl\u0103 \u00eentr-o&#8230;<\/p>\n","protected":false},"author":86,"featured_media":153719,"comment_status":"","ping_status":"open","sticky":false,"template":"","format":"standard","meta":{"footnotes":""},"categories":[1],"tags":[63568,88202,88701,3683,101375],"class_list":{"0":"post-153718","1":"post","2":"type-post","3":"status-publish","4":"format-standard","5":"has-post-thumbnail","7":"category-societate","8":"tag-autoritati","9":"tag-costuri","10":"tag-filarmonica","11":"tag-incendiu","12":"tag-reconstructie"},"_links":{"self":[{"href":"https:\/\/hadnews.com\/ro\/wp-json\/wp\/v2\/posts\/153718","targetHints":{"allow":["GET"]}}],"collection":[{"href":"https:\/\/hadnews.com\/ro\/wp-json\/wp\/v2\/posts"}],"about":[{"href":"https:\/\/hadnews.com\/ro\/wp-json\/wp\/v2\/types\/post"}],"author":[{"embeddable":true,"href":"https:\/\/hadnews.com\/ro\/wp-json\/wp\/v2\/users\/86"}],"replies":[{"embeddable":true,"href":"https:\/\/hadnews.com\/ro\/wp-json\/wp\/v2\/comments?post=153718"}],"version-history":[{"count":0,"href":"https:\/\/hadnews.com\/ro\/wp-json\/wp\/v2\/posts\/153718\/revisions"}],"wp:featuredmedia":[{"embeddable":true,"href":"https:\/\/hadnews.com\/ro\/wp-json\/wp\/v2\/media\/153719"}],"wp:attachment":[{"href":"https:\/\/hadnews.com\/ro\/wp-json\/wp\/v2\/media?parent=153718"}],"wp:term":[{"taxonomy":"category","embeddable":true,"href":"https:\/\/hadnews.com\/ro\/wp-json\/wp\/v2\/categories?post=153718"},{"taxonomy":"post_tag","embeddable":true,"href":"https:\/\/hadnews.com\/ro\/wp-json\/wp\/v2\/tags?post=153718"}],"curies":[{"name":"wp","href":"https:\/\/api.w.org\/{rel}","templated":true}]}}