{"id":157174,"date":"2025-10-29T20:07:25","date_gmt":"2025-10-29T18:07:25","guid":{"rendered":"https:\/\/hadnews.com\/ro\/ce-modificari-ar-putea-aduce-guvernul-munteanu-in-republica-moldova\/"},"modified":"2025-10-29T20:07:25","modified_gmt":"2025-10-29T18:07:25","slug":"ce-modificari-ar-putea-aduce-guvernul-munteanu-in-republica-moldova","status":"publish","type":"post","link":"https:\/\/hadnews.com\/ro\/ce-modificari-ar-putea-aduce-guvernul-munteanu-in-republica-moldova\/","title":{"rendered":"Ce modific\u0103ri ar putea aduce guvernul Munteanu \u00een Republica Moldova?"},"content":{"rendered":"<h1>Ce schimb\u0103ri ar putea aduce guvernul Munteanu \u00een R. Moldova?<\/h1>\n<p>\u00centr-o edi\u021bie recent\u0103 a podcastului \u201ePe Agend\u0103\u201d, jurnalista Vlada Ciobanu \u0219i expertul Andrei Cur\u0103raru examineaz\u0103 propunerile de guvernare ale premierului desemnat Alexandru Munteanu. Programul s\u0103u, intitulat \u201eUE, pace, dezvoltare\u201d, promite s\u0103 aduc\u0103 o serie de schimb\u0103ri semnificative \u00een peisajul politic \u0219i economic al Republicii Moldova.<\/p>\n<h3>Componen\u021ba cabinetului de mini\u0219tri<\/h3>\n<p>Vlad \u0219i Andrei acord\u0103 o aten\u021bie deosebit\u0103 componen\u021bei cabinetului, subliniind importan\u021ba alegerilor strategice f\u0103cute de Munteanu. Ace\u0219tia remarc\u0103 faptul c\u0103, de\u0219i noul cabinet include nume cunoscute \u00een domeniul politic \u0219i administrativ, liniile directoare ale programului par uneori prea optimiste. O astfel de percep\u021bie ridic\u0103 \u00eentreb\u0103ri despre fezabilitatea angajamentelor asumate de guvern.<\/p>\n<h3>Promisiuni \u0219i a\u0219tept\u0103ri<\/h3>\n<p>Printre principalele promisiuni se num\u0103r\u0103 inten\u021bia de a aduce Moldova mai aproape de Uniunea European\u0103, dar \u0219i de a asigura stabilitatea, pacea \u0219i dezvoltarea economic\u0103. Cu toate acestea, invita\u021bii constat\u0103 c\u0103 programul sufer\u0103 de lipsuri importante. Anumi\u021bi indicatori de performan\u021b\u0103 \u0219i m\u0103suri concrete pentru implementarea reformelor par s\u0103 fie subestimate.<\/p>\n<h3>Critici constructive<\/h3>\n<p>Chiar dac\u0103 programul \u00een ansamblu este considerat echilibrat, analiza detaliat\u0103 aduce \u00een discu\u021bie necesitatea unor clarific\u0103ri suplimentare. Expertul Andrei Cur\u0103raru sugereaz\u0103 c\u0103 pentru realizarea promisiunilor este esen\u021bial\u0103 o comunicare deschis\u0103 cu cet\u0103\u021benii \u0219i implicarea acestora \u00een procesul decizional. \u00cen contextul actual, transparen\u021ba devine o cerin\u021b\u0103 fundamental\u0103 pentru refacerea \u00eencrederii publicului \u00een institu\u021biile statului.<\/p>\n<h3>Concluzie<\/h3>\n<p>Pe scurt, viitorul guvern Munteanu se preconizeaz\u0103 ca fiind unul plin de provoc\u0103ri \u0219i oportunit\u0103\u021bi. Este crucial ca promisiunile f\u0103cute s\u0103 fie sus\u021binute de m\u0103suri concrete \u0219i realizabile. De\u0219i paleta de inten\u021bii este diversificat\u0103, succesul acestui guvern depinde de capacitatea sa de a transforma viziunea \u00een realitate, \u00eentr-o societate care aspir\u0103 la integrarea european\u0103 \u0219i la dezvoltarea durabil\u0103. Astfel, urm\u0103toarele luni vor fi decisive pentru a evalua impactul real al schimb\u0103rilor propuse de Alexandru Munteanu.<\/p>\n<p><\/p>\n<div class=\"video-container\">\n    <iframe class=\"video\" src=\"https:\/\/www.youtube.com\/embed\/U2cRh14jgBk\" allowfullscreen><\/iframe>\n<\/div>\n<p><i>Video &#8220;Ce schimb\u0103ri ar putea aduce guvernul Munteanu \u00een R. Moldova?\u201d a fost \u00eenc\u0103rcat pe 29\/10\/2025 pe canalul YouTube <a href=\"https:\/\/www.youtube.com\/channel\/UCGGIVRhyZZLdWTMeBEqX2Vg\" target=\"_blank\"> Europa Liber\u0103 Moldova <\/a><\/i><\/p>\n","protected":false},"excerpt":{"rendered":"<p>Ce schimb\u0103ri ar putea aduce guvernul Munteanu \u00een R. Moldova? \u00centr-o edi\u021bie recent\u0103 a podcastului \u201ePe Agend\u0103\u201d, jurnalista Vlada Ciobanu \u0219i expertul Andrei Cur\u0103raru examineaz\u0103 propunerile de guvernare ale premierului desemnat Alexandru Munteanu. Programul s\u0103u,&#8230;<\/p>\n","protected":false},"author":86,"featured_media":157175,"comment_status":"","ping_status":"open","sticky":false,"template":"","format":"standard","meta":{"footnotes":""},"categories":[1],"tags":[3659,13782,116917,116918,87890],"class_list":{"0":"post-157174","1":"post","2":"type-post","3":"status-publish","4":"format-standard","5":"has-post-thumbnail","7":"category-societate","8":"tag-alegeri","9":"tag-dezvoltare","10":"tag-goveranta","11":"tag-muntenau","12":"tag-promisiuni"},"_links":{"self":[{"href":"https:\/\/hadnews.com\/ro\/wp-json\/wp\/v2\/posts\/157174","targetHints":{"allow":["GET"]}}],"collection":[{"href":"https:\/\/hadnews.com\/ro\/wp-json\/wp\/v2\/posts"}],"about":[{"href":"https:\/\/hadnews.com\/ro\/wp-json\/wp\/v2\/types\/post"}],"author":[{"embeddable":true,"href":"https:\/\/hadnews.com\/ro\/wp-json\/wp\/v2\/users\/86"}],"replies":[{"embeddable":true,"href":"https:\/\/hadnews.com\/ro\/wp-json\/wp\/v2\/comments?post=157174"}],"version-history":[{"count":0,"href":"https:\/\/hadnews.com\/ro\/wp-json\/wp\/v2\/posts\/157174\/revisions"}],"wp:featuredmedia":[{"embeddable":true,"href":"https:\/\/hadnews.com\/ro\/wp-json\/wp\/v2\/media\/157175"}],"wp:attachment":[{"href":"https:\/\/hadnews.com\/ro\/wp-json\/wp\/v2\/media?parent=157174"}],"wp:term":[{"taxonomy":"category","embeddable":true,"href":"https:\/\/hadnews.com\/ro\/wp-json\/wp\/v2\/categories?post=157174"},{"taxonomy":"post_tag","embeddable":true,"href":"https:\/\/hadnews.com\/ro\/wp-json\/wp\/v2\/tags?post=157174"}],"curies":[{"name":"wp","href":"https:\/\/api.w.org\/{rel}","templated":true}]}}