{"id":159468,"date":"2025-11-22T11:42:46","date_gmt":"2025-11-22T09:42:46","guid":{"rendered":"https:\/\/hadnews.com\/ro\/negru-si-botan-discuta-importanta-si-continutul-unui-plan-national-de-rezilienta\/"},"modified":"2025-11-22T11:42:46","modified_gmt":"2025-11-22T09:42:46","slug":"negru-si-botan-discuta-importanta-si-continutul-unui-plan-national-de-rezilienta","status":"publish","type":"post","link":"https:\/\/hadnews.com\/ro\/negru-si-botan-discuta-importanta-si-continutul-unui-plan-national-de-rezilienta\/","title":{"rendered":"Negru \u0219i Bo\u021ban discut\u0103 importan\u021ba \u0219i con\u021binutul unui Plan Na\u021bional de Rezilien\u021b\u0103"},"content":{"rendered":"<h3>Negru \u0219i Bo\u021ban explic\u0103 necesitatea unui Plan Na\u021bional de Rezilien\u021b\u0103<\/h3>\n<p>\u00cen contextul actual, marcat de provoc\u0103ri externe \u0219i amenin\u021b\u0103ri de natur\u0103 hibrid\u0103, Republica Moldova se afl\u0103 \u00eentr-un moment crucial. \u00cen recentul episod al podcastului \u201eDincolo de \u0218tiri\u201d, analistul politic Nicolae Negru a discutat despre importan\u021ba elabor\u0103rii unui Plan Na\u021bional de Rezilien\u021b\u0103, anun\u021bat de pre\u0219edinta Maia Sandu. Acest plan are poten\u021bialul de a deveni un vehicul esen\u021bial pentru adaptarea \u0219i \u00eent\u0103rirea institu\u021biilor statului \u00een fa\u021ba provoc\u0103rilor variate cu care se confrunt\u0103 \u021bara.<\/p>\n<p>Negru subliniaz\u0103 c\u0103 planul reprezint\u0103 o sintez\u0103 a lec\u021biilor \u00eenv\u0103\u021bate \u00een timpul r\u0103zboiului hibrid. De-a lungul timpului, institu\u021biile moldovene\u0219ti au \u00eenv\u0103\u021bat cum s\u0103 reac\u021bioneze la atacurile externe, chiar dac\u0103 la \u00eenceput nu reu\u0219eau s\u0103-\u0219i \u00eendeplineasc\u0103 func\u021biile corespunz\u0103toare. Aceast\u0103 experien\u021b\u0103 acumulat\u0103 este fundamental\u0103 pentru conturarea unei strategii na\u021bionale eficiente de ap\u0103rare \u0219i de gestionare a crizelor.<\/p>\n<p>Printre aspectele esen\u021biale pe care planul ar trebui s\u0103 le abordeze se num\u0103r\u0103 \u0219i ajustarea legisla\u021biei. Potrivit lui Negru, este imperativ ca m\u0103surile adoptate s\u0103 nu \u00eencalce drepturile \u0219i libert\u0103\u021bile fundamentale ale omului. Aici, criticile venite din partea Comisiei Europene devin un semnal de alarm\u0103, indic\u00e2nd necesitatea unei reglement\u0103ri mai clare \u0219i mai bine adaptate la situa\u021biile de criz\u0103.<\/p>\n<p>De asemenea, \u00een podcast s-au abordat \u0219i alte subiecte relevante legate de securitatea na\u021bional\u0103, precum survolarea spa\u021biului aerian al Republicii Moldova de c\u0103tre o dron\u0103 ruseasc\u0103 \u0219i \u00eent\u00e2lnirile \u00een cadrul institu\u021biilor europene de c\u0103tre prim-ministrul Alexandru Munteanu. Aceste evenimente subliniaz\u0103 pericolul constant al influen\u021belor externe, dar \u0219i eforturile continuu necesare pentru a construi o societate rezilient\u0103.<\/p>\n<p>Astfel, Planul Na\u021bional de Rezilien\u021b\u0103 nu doar c\u0103 este necesar, ci devine o prioritate strategic\u0103 pentru asigurarea stabilit\u0103\u021bii \u0219i securit\u0103\u021bii Republicii Moldova \u00een fa\u021ba amenin\u021b\u0103rilor externe. Este esen\u021bial ca expertiza acumulat\u0103 p\u00e2n\u0103 acum s\u0103 se concretizeze \u00eentr-o viziune clar\u0103 \u0219i coerent\u0103, ce va determina direc\u021bia de dezvoltare a \u021b\u0103rii \u00een anii urm\u0103tori.<\/p>\n<p><\/p>\n<div class=\"video-container\">\n    <iframe class=\"video\" src=\"https:\/\/www.youtube.com\/embed\/TxTIyqZGxSs\" allowfullscreen><\/iframe>\n<\/div>\n<p><i>Video &#8220;Negru \u0219i Bo\u021ban explic\u0103 \u00een ce ar consta \u0219i de ce ar fi necesar un Plan na\u021bional de rezilien\u021b\u0103\u201d a fost \u00eenc\u0103rcat pe 22\/11\/2025 pe canalul YouTube <a href=\"https:\/\/www.youtube.com\/channel\/UCGGIVRhyZZLdWTMeBEqX2Vg\" target=\"_blank\"> Europa Liber\u0103 Moldova <\/a><\/i><\/p>\n","protected":false},"excerpt":{"rendered":"<p>Negru \u0219i Bo\u021ban explic\u0103 necesitatea unui Plan Na\u021bional de Rezilien\u021b\u0103 \u00cen contextul actual, marcat de provoc\u0103ri externe \u0219i amenin\u021b\u0103ri de natur\u0103 hibrid\u0103, Republica Moldova se afl\u0103 \u00eentr-un moment crucial. \u00cen recentul episod al podcastului \u201eDincolo de \u0218tiri\u201d,&#8230;<\/p>\n","protected":false},"author":86,"featured_media":159469,"comment_status":"","ping_status":"open","sticky":false,"template":"","format":"standard","meta":{"footnotes":""},"categories":[1],"tags":[94646,22027,117809,89060,115956],"class_list":{"0":"post-159468","1":"post","2":"type-post","3":"status-publish","4":"format-standard","5":"has-post-thumbnail","7":"category-societate","8":"tag-drepturi-omului","9":"tag-legislatie","10":"tag-plan-national","11":"tag-razboi-hibrid","12":"tag-rezilienta"},"_links":{"self":[{"href":"https:\/\/hadnews.com\/ro\/wp-json\/wp\/v2\/posts\/159468","targetHints":{"allow":["GET"]}}],"collection":[{"href":"https:\/\/hadnews.com\/ro\/wp-json\/wp\/v2\/posts"}],"about":[{"href":"https:\/\/hadnews.com\/ro\/wp-json\/wp\/v2\/types\/post"}],"author":[{"embeddable":true,"href":"https:\/\/hadnews.com\/ro\/wp-json\/wp\/v2\/users\/86"}],"replies":[{"embeddable":true,"href":"https:\/\/hadnews.com\/ro\/wp-json\/wp\/v2\/comments?post=159468"}],"version-history":[{"count":0,"href":"https:\/\/hadnews.com\/ro\/wp-json\/wp\/v2\/posts\/159468\/revisions"}],"wp:featuredmedia":[{"embeddable":true,"href":"https:\/\/hadnews.com\/ro\/wp-json\/wp\/v2\/media\/159469"}],"wp:attachment":[{"href":"https:\/\/hadnews.com\/ro\/wp-json\/wp\/v2\/media?parent=159468"}],"wp:term":[{"taxonomy":"category","embeddable":true,"href":"https:\/\/hadnews.com\/ro\/wp-json\/wp\/v2\/categories?post=159468"},{"taxonomy":"post_tag","embeddable":true,"href":"https:\/\/hadnews.com\/ro\/wp-json\/wp\/v2\/tags?post=159468"}],"curies":[{"name":"wp","href":"https:\/\/api.w.org\/{rel}","templated":true}]}}