{"id":16067,"date":"2024-01-05T16:49:29","date_gmt":"2024-01-05T14:49:29","guid":{"rendered":"https:\/\/hadnews.com\/ro\/?p=16067"},"modified":"2024-01-05T16:49:49","modified_gmt":"2024-01-05T14:49:49","slug":"anamaria-prodan-la-bratul-unui-celebru-pugilist","status":"publish","type":"post","link":"https:\/\/hadnews.com\/ro\/anamaria-prodan-la-bratul-unui-celebru-pugilist\/","title":{"rendered":"Anamaria Prodan, la bra\u021bul unui celebru pugilist"},"content":{"rendered":"\n<div>\n<p><b>Anamaria Prodan d\u0103 de \u00een\u021beles c\u0103 ar fi \u00eentr-o rela\u021bie cu un celebru sportiv rom\u00e2n, <a rel=\"nofollow noopener\" target=\"_blank\" href=\"https:\/\/evz.ro\/mayweather-ronald-gavril.html\">Roland Gavril<\/a>. De\u0219i nu a confirmat oficial rela\u021bia dintre ei, impresara s-a dat de gol prin seria de imagini postate pe Instagram, al\u0103turi de pugilist.<\/b><\/p>\n<h2 style=\"font-weight: 400;\"><strong>Anamaria Prodan, rela\u021bie de iubire cu Roland Gavril<\/strong><\/h2>\n<p style=\"font-weight: 400;\">Cei doi pare s\u0103 fi petrecut at\u00e2t Cr\u0103ciunul, c\u00e2t \u0219i Revelionul \u00eempreun\u0103. De gol i-a dat \u0219i ipostazele tandre \u00een care s-au l\u0103sat fotografia\u021bi. O imagine o arat\u0103 pe Anamaria Prodan cu capul sprijinit pe um\u0103rul pugilistului, \u00een timp ce urm\u0103resc un meci.<\/p>\n<p><b>\u201eCu ochii doar spre viitor a\u0219tept\u0103m anul nou! V\u0103 doresc un an plin de lumin\u0103, s\u0103n\u0103tate \u0219i \u00eempliniri! #eusuntanamariaprodan iar el este unicul @ronaldgavril\u201d, a scris impresara l\u00e2ng\u0103 fotografie.<\/b><\/p>\n<blockquote class=\"instagram-media\" style=\"background: #FFF; border: 0; border-radius: 3px; box-shadow: 0 0 1px 0 rgba(0,0,0,0.5),0 1px 10px 0 rgba(0,0,0,0.15); margin: 1px; max-width: 540px; min-width: 326px; padding: 0; width: calc(100% - 2px);\" data-instgrm-captioned=\"\" data-instgrm-permalink=\"https:\/\/www.instagram.com\/p\/C1hoRuhrqSK\/?utm_source=ig_embed&amp;utm_campaign=loading\" data-instgrm-version=\"14\">\n<\/blockquote>\n<p style=\"font-weight: 400;\">De asemenea, cu c\u00e2teva zile \u00eenainte, aceasta a mai postat o fotografie la bra\u021bul sportivului, ambii ap\u0103r\u00e2nd cu z\u00e2mbetul larg pe buze. Cei doi au petrecut \u00eempreun\u0103 \u00een <a rel=\"nofollow noopener\" target=\"_blank\" href=\"https:\/\/evz.ro\/amalia-nastase-s-a-maritat-la-las-vegas.html\">Las Vegas<\/a>.<\/p>\n<p style=\"font-weight: 400;\">\u201e\u201eThe thrill\u201d @ronaldgavril the only one\u201d, a mai scris Anamaria Prodan.<\/p>\n<figure id=\"attachment_4447545\" aria-describedby=\"caption-attachment-4447545\" style=\"width: 1180px\" class=\"wp-caption alignnone\"><figcaption id=\"caption-attachment-4447545\" class=\"wp-caption-text\">Anamaria Prodan \u0219i Roland Gavril. Sursa foto: Instagram<\/figcaption><\/figure>\n<h2 style=\"font-weight: 400;\"><strong>Impresara, \u00een al nou\u0103lea cer al\u0103turi de pugilist<\/strong><\/h2>\n<p style=\"font-weight: 400;\">Ultimele post\u0103ri ale impresarei o&#8230;<\/p>\n<\/div>\n<p><i>Citeste tot articolul: <a href=\"https:\/\/evz.ro\/anamaria-prodan-impresara-roland-gavril-relatie.html\" target=\"_blank\" rel=\"noopener\">Anamaria Prodan, la bra\u021bul unui celebru pugilist<\/a><\/i><\/p>\n<p> <img src=https:\/\/media.evz.ro\/wp-content\/uploads\/2022\/03\/download-1-6-1024x684.png> <\/p>\n<p><i>Articolul &#8220;Anamaria Prodan, la bra\u021bul unui celebru pugilist&#8221; al autorului  a fost publicat pe 02\/01\/2024 de <a href=\"https:\/\/evz.ro\/anamaria-prodan-impresara-roland-gavril-relatie.html\" target=\"_blank\" rel=\"noopener\">evz.ro<\/a><\/i><\/p>\n","protected":false},"excerpt":{"rendered":"<p>Anamaria Prodan d\u0103 de \u00een\u021beles c\u0103 ar fi \u00eentr-o rela\u021bie cu un celebru sportiv rom\u00e2n, Roland Gavril. De\u0219i nu a confirmat oficial rela\u021bia dintre ei, impresara s-a dat de gol prin seria de imagini postate pe&#8230;<\/p>\n","protected":false},"author":58,"featured_media":16068,"comment_status":"closed","ping_status":"open","sticky":false,"template":"","format":"standard","meta":{"footnotes":""},"categories":[3594],"tags":[4264],"class_list":{"0":"post-16067","1":"post","2":"type-post","3":"status-publish","4":"format-standard","5":"has-post-thumbnail","7":"category-vedete","8":"tag-relatie"},"_links":{"self":[{"href":"https:\/\/hadnews.com\/ro\/wp-json\/wp\/v2\/posts\/16067","targetHints":{"allow":["GET"]}}],"collection":[{"href":"https:\/\/hadnews.com\/ro\/wp-json\/wp\/v2\/posts"}],"about":[{"href":"https:\/\/hadnews.com\/ro\/wp-json\/wp\/v2\/types\/post"}],"author":[{"embeddable":true,"href":"https:\/\/hadnews.com\/ro\/wp-json\/wp\/v2\/users\/58"}],"replies":[{"embeddable":true,"href":"https:\/\/hadnews.com\/ro\/wp-json\/wp\/v2\/comments?post=16067"}],"version-history":[{"count":0,"href":"https:\/\/hadnews.com\/ro\/wp-json\/wp\/v2\/posts\/16067\/revisions"}],"wp:featuredmedia":[{"embeddable":true,"href":"https:\/\/hadnews.com\/ro\/wp-json\/wp\/v2\/media\/16068"}],"wp:attachment":[{"href":"https:\/\/hadnews.com\/ro\/wp-json\/wp\/v2\/media?parent=16067"}],"wp:term":[{"taxonomy":"category","embeddable":true,"href":"https:\/\/hadnews.com\/ro\/wp-json\/wp\/v2\/categories?post=16067"},{"taxonomy":"post_tag","embeddable":true,"href":"https:\/\/hadnews.com\/ro\/wp-json\/wp\/v2\/tags?post=16067"}],"curies":[{"name":"wp","href":"https:\/\/api.w.org\/{rel}","templated":true}]}}