{"id":16093,"date":"2024-01-05T16:49:27","date_gmt":"2024-01-05T14:49:27","guid":{"rendered":"https:\/\/hadnews.com\/ro\/?p=16093"},"modified":"2024-01-05T16:49:49","modified_gmt":"2024-01-05T14:49:49","slug":"de-ce-a-renuntat-dan-negru-la-emisiunea-de-revelion","status":"publish","type":"post","link":"https:\/\/hadnews.com\/ro\/de-ce-a-renuntat-dan-negru-la-emisiunea-de-revelion\/","title":{"rendered":"De ce a renun\u021bat Dan Negru la emisiunea de Revelion"},"content":{"rendered":"\n<div>\n<p>Dan Negru a fost, timp de 25 de ani, \u201eregele <a rel=\"nofollow noopener\" target=\"_blank\" href=\"https:\/\/evz.ro\/dan-negru-reveni-conditii-spectacolul-revelion.html\">Revelioanelor<\/a>\u201d din Rom\u00e2nia \u0219i s-a bucurat de audien\u021be uria\u0219e. Mul\u021bi s-au \u00eentrebat de ce a renun\u021bat la emisiunile din noaptea dintre ani, iar prezentatorul a oferit o explica\u021bie. El a declarat c\u0103 lumea s-a schimbat \u0219i c\u0103 nu se mai uit\u0103 la televizor de Revelion.<\/p>\n<h2>De ce nu mai prezint\u0103 Dan Negru emisiunile de Revelion<\/h2>\n<p>\u201eRom\u00e2nia are cu totul un secol, de la 1918 p\u00e2n\u0103 acum, \u0219i din secolul \u0103sta un sfert eu am f\u0103cut revelioane. Vreo 25 de ani de revelioane, toate lider de audien\u021b\u0103, or fi de ajuns. M\u0103 bucur\u0103 c\u0103 cel din pandemie, care a avut v\u00e2rfuri uria\u0219e de audien\u021b\u0103. A fost al doilea cel mai urm\u0103rit din Europa, dup\u0103 cum men\u021biona BBC.<\/p>\n<p>Dar cred c\u0103 vremea revelioanelor TV se stinge \u00eencet-\u00eencet. Lumea are \u0219i alte bucurii dec\u00e2t s\u0103 stea \u00een fa\u021ba unui ecran de Revelion. Eu am preluat o \u0219tafet\u0103, un obicei al revelioanelor televizate de dinainte de 89 \u0219i am continuat tradi\u021bia asta 25 de ani. Dar noua lume se schimb\u0103\u201d, a declarat Dan Negru \u00eentr-un interviu pentru revista<a rel=\"nofollow noopener\" target=\"_blank\" href=\"https:\/\/www.viva.ro\/\"> Viva!.<\/a><\/p>\n<figure id=\"attachment_4282152\" aria-describedby=\"caption-attachment-4282152\" style=\"width: 1600px\" class=\"wp-caption alignnone\"><figcaption id=\"caption-attachment-4282152\" class=\"wp-caption-text\">De ce a renun\u021bat Dan Negru la emisiunea de Revelion. Nimeni nu i-a schimbat decizia. Sursa: Facebook<\/figcaption><\/figure>\n<h2>Ce sfat i-a dat&#8230;<\/h2>\n<\/div>\n<p><i>Citeste tot articolul: <a href=\"https:\/\/evz.ro\/dan-negru-a-renuntat-revelion.html\" target=\"_blank\" rel=\"noopener\">De ce a renun\u021bat Dan Negru la emisiunea de Revelion<\/a><\/i><\/p>\n<p> <img src=https:\/\/media.evz.ro\/wp-content\/uploads\/2020\/10\/dan-negru_0-scaled-e1704017047423.jpg> <\/p>\n<p><i>Articolul &#8220;De ce a renun\u021bat Dan Negru la emisiunea de Revelion&#8221; al autorului  a fost publicat pe 31\/12\/2023 de <a href=\"https:\/\/evz.ro\/dan-negru-a-renuntat-revelion.html\" target=\"_blank\" rel=\"noopener\">evz.ro<\/a><\/i><\/p>\n","protected":false},"excerpt":{"rendered":"<p>Dan Negru a fost, timp de 25 de ani, \u201eregele Revelioanelor\u201d din Rom\u00e2nia \u0219i s-a bucurat de audien\u021be uria\u0219e. Mul\u021bi s-au \u00eentrebat de ce a renun\u021bat la emisiunile din noaptea dintre ani, iar prezentatorul a oferit&#8230;<\/p>\n","protected":false},"author":58,"featured_media":16094,"comment_status":"closed","ping_status":"open","sticky":false,"template":"","format":"standard","meta":{"footnotes":""},"categories":[3594],"tags":[4255],"class_list":{"0":"post-16093","1":"post","2":"type-post","3":"status-publish","4":"format-standard","5":"has-post-thumbnail","7":"category-vedete","8":"tag-revelion"},"_links":{"self":[{"href":"https:\/\/hadnews.com\/ro\/wp-json\/wp\/v2\/posts\/16093","targetHints":{"allow":["GET"]}}],"collection":[{"href":"https:\/\/hadnews.com\/ro\/wp-json\/wp\/v2\/posts"}],"about":[{"href":"https:\/\/hadnews.com\/ro\/wp-json\/wp\/v2\/types\/post"}],"author":[{"embeddable":true,"href":"https:\/\/hadnews.com\/ro\/wp-json\/wp\/v2\/users\/58"}],"replies":[{"embeddable":true,"href":"https:\/\/hadnews.com\/ro\/wp-json\/wp\/v2\/comments?post=16093"}],"version-history":[{"count":0,"href":"https:\/\/hadnews.com\/ro\/wp-json\/wp\/v2\/posts\/16093\/revisions"}],"wp:featuredmedia":[{"embeddable":true,"href":"https:\/\/hadnews.com\/ro\/wp-json\/wp\/v2\/media\/16094"}],"wp:attachment":[{"href":"https:\/\/hadnews.com\/ro\/wp-json\/wp\/v2\/media?parent=16093"}],"wp:term":[{"taxonomy":"category","embeddable":true,"href":"https:\/\/hadnews.com\/ro\/wp-json\/wp\/v2\/categories?post=16093"},{"taxonomy":"post_tag","embeddable":true,"href":"https:\/\/hadnews.com\/ro\/wp-json\/wp\/v2\/tags?post=16093"}],"curies":[{"name":"wp","href":"https:\/\/api.w.org\/{rel}","templated":true}]}}