{"id":16304,"date":"2024-01-05T16:51:03","date_gmt":"2024-01-05T14:51:03","guid":{"rendered":"https:\/\/hadnews.com\/ro\/?p=16304"},"modified":"2024-01-05T16:51:03","modified_gmt":"2024-01-05T14:51:03","slug":"victor-ciutacu-acuza-deficiente-in-ancheta-de-la-ferma-dacilor","status":"publish","type":"post","link":"https:\/\/hadnews.com\/ro\/victor-ciutacu-acuza-deficiente-in-ancheta-de-la-ferma-dacilor\/","title":{"rendered":"Victor Ciutacu acuz\u0103 deficien\u021be \u00een ancheta de la Ferma Dacilor"},"content":{"rendered":"\n<div>\n<p style=\"font-weight: 400;\">Victor Ciutacu accentueaz\u0103 faptul c\u0103 anchetatorii afirm\u0103 c\u0103 \u0219ansele victimelor de a se salva au fost practic nule, datorit\u0103 multiplelor probleme identificate la Ferma Dacilor. Cu toate acestea, observ\u0103 c\u0103 raportul se fundamenteaz\u0103 pe un num\u0103r limitat de dovezi.<\/p>\n<h2 style=\"font-weight: 400;\"><strong>Victor Ciutacu, despre raportul f\u0103cut de procurori \u00een cazul Ferma Dacilor<\/strong><\/h2>\n<p style=\"font-weight: 400;\">\u201eAm citit \u0219i eu p\u0103r\u021bile importante ale referatului procuroarei \u00een cazul tragediei de la Ferma Dacilor. Las c\u00e2teva impresii\u2026<\/p>\n<ul>\n<li style=\"font-weight: 400;\">nu exist\u0103 vreo expertiz\u0103 tehnic\u0103 sau vreun raport al pompierilor cu privire la cauza incendiului. G\u0103sim, \u00een schimb, b\u0103nuieli c\u0103 plasma s-a \u00eencins ca televizorul pe l\u0103mpi\u201d, a scris jurnalistul pe Facebook.<\/li>\n<\/ul>\n<p><b>Conform opiniei lui Victor Ciutacu, ancheta nu se bazeaz\u0103 pe probe concrete, ci pe ipoteze \u0219i scenarii. \u0218i totu\u0219i, se dispun re\u021bineri \u0219i se propun arest\u0103ri fundamentate pe acestea.<\/b><\/p>\n<p style=\"font-weight: 400;\">\u201eClien\u021bii <a rel=\"nofollow noopener\" target=\"_blank\" href=\"https:\/\/evz.ro\/ferma-dacilor-ferma-afacere-incendiu.html\">pensiunii<\/a> par, to\u021bi, elve\u021bieni. Ardea casa pe ei \u0219i ei erau fier\u021bi pe uitat la ceas \u00een crucea nop\u021bii<\/p>\n<p style=\"font-weight: 400;\">Altfel, trebuie s\u0103 fii dereglat psihic s\u0103-\u021bi \u00eenchipui c\u0103 Dinicu \u0219i-a pus singur foc la co\u0219melie \u0219i c\u0103 visul vie\u021bii lui era s\u0103-\u0219i ard\u0103 de viu copilul de 11 ani.<\/p>\n<p><b>UPDATE. Dup\u0103 manelistul Bogdan de la Ploie\u0219ti, jude\u021bul meu mai arunc\u0103 pe pia\u021b\u0103 un personaj istoric,&#8230;<\/b><\/p>\n<\/div>\n<p><i>Citeste tot articolul: <a href=\"https:\/\/evz.ro\/victor-ciutacu-ancheta-procurori-ferma-dacilor.html\" target=\"_blank\" rel=\"noopener\">Victor Ciutacu acuz\u0103 deficien\u021be \u00een ancheta de la Ferma Dacilor<\/a><\/i><\/p>\n<p> <img src=https:\/\/media.evz.ro\/wp-content\/uploads\/2023\/04\/victor.ciutacu-scaled-e1693307837601.jpg> <\/p>\n<p><i>Articolul &#8220;Victor Ciutacu acuz\u0103 deficien\u021be \u00een ancheta de la Ferma Dacilor&#8221; al autorului  a fost publicat pe 05\/01\/2024 de <a href=\"https:\/\/evz.ro\/victor-ciutacu-ancheta-procurori-ferma-dacilor.html\" target=\"_blank\" rel=\"noopener\">evz.ro<\/a><\/i><\/p>\n","protected":false},"excerpt":{"rendered":"<p>Victor Ciutacu accentueaz\u0103 faptul c\u0103 anchetatorii afirm\u0103 c\u0103 \u0219ansele victimelor de a se salva au fost practic nule, datorit\u0103 multiplelor probleme identificate la Ferma Dacilor. Cu toate acestea, observ\u0103 c\u0103 raportul se fundamenteaz\u0103 pe un num\u0103r&#8230;<\/p>\n","protected":false},"author":58,"featured_media":16305,"comment_status":"closed","ping_status":"open","sticky":false,"template":"","format":"standard","meta":{"footnotes":""},"categories":[1],"tags":[4081,4082],"class_list":{"0":"post-16304","1":"post","2":"type-post","3":"status-publish","4":"format-standard","5":"has-post-thumbnail","7":"category-societate","8":"tag-cornel-dinicu","9":"tag-ferma-dacilor"},"_links":{"self":[{"href":"https:\/\/hadnews.com\/ro\/wp-json\/wp\/v2\/posts\/16304","targetHints":{"allow":["GET"]}}],"collection":[{"href":"https:\/\/hadnews.com\/ro\/wp-json\/wp\/v2\/posts"}],"about":[{"href":"https:\/\/hadnews.com\/ro\/wp-json\/wp\/v2\/types\/post"}],"author":[{"embeddable":true,"href":"https:\/\/hadnews.com\/ro\/wp-json\/wp\/v2\/users\/58"}],"replies":[{"embeddable":true,"href":"https:\/\/hadnews.com\/ro\/wp-json\/wp\/v2\/comments?post=16304"}],"version-history":[{"count":0,"href":"https:\/\/hadnews.com\/ro\/wp-json\/wp\/v2\/posts\/16304\/revisions"}],"wp:featuredmedia":[{"embeddable":true,"href":"https:\/\/hadnews.com\/ro\/wp-json\/wp\/v2\/media\/16305"}],"wp:attachment":[{"href":"https:\/\/hadnews.com\/ro\/wp-json\/wp\/v2\/media?parent=16304"}],"wp:term":[{"taxonomy":"category","embeddable":true,"href":"https:\/\/hadnews.com\/ro\/wp-json\/wp\/v2\/categories?post=16304"},{"taxonomy":"post_tag","embeddable":true,"href":"https:\/\/hadnews.com\/ro\/wp-json\/wp\/v2\/tags?post=16304"}],"curies":[{"name":"wp","href":"https:\/\/api.w.org\/{rel}","templated":true}]}}