{"id":165271,"date":"2026-01-17T18:43:29","date_gmt":"2026-01-17T16:43:29","guid":{"rendered":"https:\/\/hadnews.com\/ro\/felicia-stoian-ciprian-pop-si-orchestra-pro-datina-folclor\/"},"modified":"2026-01-17T18:43:29","modified_gmt":"2026-01-17T16:43:29","slug":"felicia-stoian-ciprian-pop-si-orchestra-pro-datina-folclor","status":"publish","type":"post","link":"https:\/\/hadnews.com\/ro\/felicia-stoian-ciprian-pop-si-orchestra-pro-datina-folclor\/","title":{"rendered":"Felicia Stoian, Ciprian Pop \u0219i orchestra Pro Datina #Folclor"},"content":{"rendered":"<h3>Folclorul din inima Banatului: Felicia Stoian, Ciprian Pop \u0219i orchestra Pro Datina<\/h3>\n<p>\u00centr-un spectacol vibrant \u0219i plin de emo\u021bie, Felicia Stoian, Ciprian Pop \u0219i orchestra Pro Datina ne invit\u0103 s\u0103 c\u0103l\u0103torim prin tradi\u021biile folclorice ale Banatului. Acest program promite s\u0103 ofere nu doar melodii, ci \u0219i o adev\u0103rat\u0103 experien\u021b\u0103 cultural\u0103 pentru to\u021bi iubitorii de folclor.<\/p>\n<p>Sub \u00eendrumarea talentatului dirijor Adrian Scorobete, arti\u0219tii interpreteaz\u0103 patru piese deosebite, fiecare cu propria poveste. \u201eVia\u021ba de acum\u201d ne aduce \u00een prim-plan realit\u0103\u021bile contemporane, invit\u00e2ndu-ne s\u0103 reflect\u0103m asupra schimb\u0103rilor ce au avut loc \u00een societate. \u201eLua\u021bi-v\u0103 dup\u0103 mine\u201d este un apel energetic c\u0103tre comunitate, \u00eencuraj\u00e2ndu-ne s\u0103 ne \u00eentoarcem la r\u0103d\u0103cini \u0219i la valorile tradi\u021bionale.<\/p>\n<p>\u201eVrea s\u0103 \u0219tie b\u0103gita\u201d ne \u00eenc\u00e2nt\u0103 cu umorul s\u0103u, evoc\u00e2nd situa\u021bii familiale \u0219i rela\u021bii interumane din via\u021ba de zi cu zi. \u00cen final, \u201eDoamne ajut\u0103 la tot natu&#8217;\u201d este un imn al speran\u021bei, care ne reaminte\u0219te de puterea credin\u021bei \u0219i de dorin\u021ba de bine \u00een via\u021ba fiec\u0103ruia.<\/p>\n<p>Coproduc\u0103tori ai acestui spectacol, realizat \u00een colaborare cu TVR Timi\u0219oara, se asigur\u0103 c\u0103 tradi\u021biile muzicale ale acestei regiuni r\u0103m\u00e2n vii \u0219i accesibile publicului. Folclorul nu este doar o mo\u0219tenire, ci \u0219i o modalitate de a ne conecta cu identitatea noastr\u0103 cultural\u0103 \u0219i cu cei din jur.<\/p>\n<p>\u00cen concluzie, spectacolul Feliciei Stoian, Ciprian Pop \u0219i orchestrei Pro Datina reprezint\u0103 o ocazie unic\u0103 de a celebra bog\u0103\u021bia folclorului rom\u00e2nesc \u00een toat\u0103 splendoarea sa. Fiecare melodie ne \u00eendeamn\u0103 s\u0103 p\u0103str\u0103m intacte tradi\u021biile \u0219i s\u0103 le transmitem mai departe, astfel \u00eenc\u00e2t s\u0103 nu uit\u0103m de cine suntem \u0219i de originile noastre.<\/p>\n<p><\/p>\n<div class=\"video-container\">\n    <iframe class=\"video\" src=\"https:\/\/www.youtube.com\/embed\/ncXnDsr07Lw\" allowfullscreen><\/iframe>\n<\/div>\n<p><i>Video &#8220;Felicia Stoian, Ciprian Pop \u0219i orchestra Pro Datina #Folclor @TVRTM\u201d a fost \u00eenc\u0103rcat pe 17\/01\/2026 pe canalul YouTube <a href=\"https:\/\/www.youtube.com\/channel\/UC4s2jV969piEO6spzzxWnIQ\" target=\"_blank\"> TVR Timi\u015foara <\/a><\/i><\/p>\n","protected":false},"excerpt":{"rendered":"<p>Folclorul din inima Banatului: Felicia Stoian, Ciprian Pop \u0219i orchestra Pro Datina \u00centr-un spectacol vibrant \u0219i plin de emo\u021bie, Felicia Stoian, Ciprian Pop \u0219i orchestra Pro Datina ne invit\u0103 s\u0103 c\u0103l\u0103torim prin tradi\u021biile folclorice ale Banatului. Acest program&#8230;<\/p>\n","protected":false},"author":88,"featured_media":165272,"comment_status":"","ping_status":"open","sticky":false,"template":"","format":"standard","meta":{"footnotes":""},"categories":[8158],"tags":[61662,3720,70072,88100,2271,87078,20265],"class_list":{"0":"post-165271","1":"post","2":"type-post","3":"status-publish","4":"format-standard","5":"has-post-thumbnail","7":"category-stiri","8":"tag-folclor","9":"tag-muzica","10":"tag-orchestra","11":"tag-piesa","12":"tag-romania","13":"tag-televiziune","14":"tag-timisoara"},"_links":{"self":[{"href":"https:\/\/hadnews.com\/ro\/wp-json\/wp\/v2\/posts\/165271","targetHints":{"allow":["GET"]}}],"collection":[{"href":"https:\/\/hadnews.com\/ro\/wp-json\/wp\/v2\/posts"}],"about":[{"href":"https:\/\/hadnews.com\/ro\/wp-json\/wp\/v2\/types\/post"}],"author":[{"embeddable":true,"href":"https:\/\/hadnews.com\/ro\/wp-json\/wp\/v2\/users\/88"}],"replies":[{"embeddable":true,"href":"https:\/\/hadnews.com\/ro\/wp-json\/wp\/v2\/comments?post=165271"}],"version-history":[{"count":0,"href":"https:\/\/hadnews.com\/ro\/wp-json\/wp\/v2\/posts\/165271\/revisions"}],"wp:featuredmedia":[{"embeddable":true,"href":"https:\/\/hadnews.com\/ro\/wp-json\/wp\/v2\/media\/165272"}],"wp:attachment":[{"href":"https:\/\/hadnews.com\/ro\/wp-json\/wp\/v2\/media?parent=165271"}],"wp:term":[{"taxonomy":"category","embeddable":true,"href":"https:\/\/hadnews.com\/ro\/wp-json\/wp\/v2\/categories?post=165271"},{"taxonomy":"post_tag","embeddable":true,"href":"https:\/\/hadnews.com\/ro\/wp-json\/wp\/v2\/tags?post=165271"}],"curies":[{"name":"wp","href":"https:\/\/api.w.org\/{rel}","templated":true}]}}