{"id":16558,"date":"2024-01-05T16:49:25","date_gmt":"2024-01-05T14:49:25","guid":{"rendered":"https:\/\/hadnews.com\/ro\/?p=16558"},"modified":"2024-01-05T18:26:53","modified_gmt":"2024-01-05T16:26:53","slug":"quesadilla-cu-salam-si-branza","status":"publish","type":"post","link":"https:\/\/hadnews.com\/ro\/quesadilla-cu-salam-si-branza\/","title":{"rendered":"Quesadilla cu Salam \u0219i Br\u00e2nz\u0103"},"content":{"rendered":"\n<div>\n<p><strong>Aceast\u0103 re\u021bet\u0103 de quesadilla cu salam \u0219i br\u00e2nz\u0103 este perfect\u0103 pentru o cin\u0103 rapid\u0103 sau pentru un aperitiv delicios la petreceri. Pute\u021bi personaliza umplutura cu ingredientele preferate pentru a crea variante unice. Pentru aceast\u0103 re\u021bet\u0103, noi am optat pentru Salamul Sinaia de la Cris-Tim, un produs cu eticheta curat<\/strong><strong>\u0103.<\/strong><\/p>\n<h3><strong>Re\u021bet\u0103 quesadilla cu salam \u0219i br\u00e2nz\u0103<\/strong><\/h3>\n<p><strong>Ingrediente:<\/strong><\/p>\n<ul>\n<li>8 tortilla de f\u0103in\u0103 (de m\u0103rime medie)<\/li>\n<li>200 g <a rel=\"nofollow noopener\" target=\"_blank\" href=\"https:\/\/cristim.ro\/produse_category\/produse-cris-tim\/feliate\/salam-crud-uscat-feliat\/salam-sinaia-salam-crud-uscat-feliat\/#:~:text=Salam%20Sinaia%20%2D%20Cris%2DTim&amp;text=Accentueaz%C4%83%20culoarea%20c%C4%83rnii%2C%20ofer%C4%83%20arom%C4%83,comestibil%C4%83%20%C8%99i%20asigur%C4%83%20culoarea%20produsului.\" class=\"external_links\">Salam Sinaia de la Cris-Tim<\/a><\/li>\n<li>2 c\u0103ni de br\u00e2nz\u0103 ras\u0103 (de exemplu, cheddar sau mozzarella)<\/li>\n<li>1 ardei ro\u0219u, t\u0103iat cubule\u021be<\/li>\n<li>1 ceap\u0103 mic\u0103, t\u0103iat\u0103 m\u0103runt<\/li>\n<li>1\/2 can\u0103 de ro\u0219ii cherry, t\u0103iate \u00een jum\u0103tate<\/li>\n<li>1\/4 can\u0103 de m\u0103sline negre feliate (op\u021bional)<\/li>\n<li>2 linguri de ulei de m\u0103sline<\/li>\n<li>Sare \u0219i piper, dup\u0103 gust<\/li>\n<li>Sos de iaurt sau guacamole pentru servire (op\u021bional)<\/li>\n<\/ul>\n<p><strong>Mod de preparare:<\/strong><\/p>\n<p>T\u0103ia\u021bi ardeiul ro\u0219u \u0219i ceapa \u00een buc\u0103\u021bi mici. \u00centr-o tigaie, \u00eenc\u0103lzi\u021bi uleiul de m\u0103sline la foc mediu. Ad\u0103uga\u021bi salamul \u0219i pr\u0103ji\u021bi-l p\u00e2n\u0103 devine u\u0219or crocant. Ad\u0103uga\u021bi ardeiul ro\u0219u \u0219i ceapa \u0219i g\u0103ti\u021bi-le p\u00e2n\u0103 c\u00e2nd devin moi.<\/p>\n<p>\u00cenc\u0103lzi\u021bi o tigaie mare la foc mediu. A\u0219eza\u021bi o tortilla \u00een tigaie. Pres\u0103ra\u021bi uniform br\u00e2nza ras\u0103 pe tortilla. Ad\u0103uga\u021bi umplutura preg\u0103tit\u0103, ro\u0219iile cherry \u0219i m\u0103slinele. Acoperi\u021bi cu o alt\u0103&#8230;<\/p>\n<\/div>\n<p><i>Citeste tot articolul: <a href=\"https:\/\/www.csid.ro\/noi-ce-mancam-azi\/quesadilla-cu-salam-si-branza-20450710\/\" target=\"_blank\" rel=\"noopener\">Quesadilla cu Salam \u0219i Br\u00e2nz\u0103<\/a><\/i><\/p>\n<p> <img src=https:\/\/www.csid.ro\/wp-content\/uploads\/2023\/12\/Quesadilla.jpg> <\/p>\n<p><i>Articolul &#8220;Quesadilla cu Salam \u0219i Br\u00e2nz\u0103&#8221; al autorului Alexandra Necsoiu a fost publicat pe 28\/12\/2023 de <a href=\"https:\/\/www.csid.ro\/noi-ce-mancam-azi\/quesadilla-cu-salam-si-branza-20450710\/\" target=\"_blank\" rel=\"noopener\">www.csid.ro<\/a><\/i><\/p>\n","protected":false},"excerpt":{"rendered":"<p>Aceast\u0103 re\u021bet\u0103 de quesadilla cu salam \u0219i br\u00e2nz\u0103 este perfect\u0103 pentru o cin\u0103 rapid\u0103 sau pentru un aperitiv delicios la petreceri. Pute\u021bi personaliza umplutura cu ingredientele preferate pentru a crea variante unice. Pentru aceast\u0103 re\u021bet\u0103, noi&#8230;<\/p>\n","protected":false},"author":62,"featured_media":16559,"comment_status":"closed","ping_status":"open","sticky":false,"template":"","format":"standard","meta":{"footnotes":""},"categories":[4915],"tags":[4987,4518],"class_list":{"0":"post-16558","1":"post","2":"type-post","3":"status-publish","4":"format-standard","5":"has-post-thumbnail","7":"category-retete-culinare","8":"tag-cris-tim","9":"tag-reteta"},"_links":{"self":[{"href":"https:\/\/hadnews.com\/ro\/wp-json\/wp\/v2\/posts\/16558","targetHints":{"allow":["GET"]}}],"collection":[{"href":"https:\/\/hadnews.com\/ro\/wp-json\/wp\/v2\/posts"}],"about":[{"href":"https:\/\/hadnews.com\/ro\/wp-json\/wp\/v2\/types\/post"}],"author":[{"embeddable":true,"href":"https:\/\/hadnews.com\/ro\/wp-json\/wp\/v2\/users\/62"}],"replies":[{"embeddable":true,"href":"https:\/\/hadnews.com\/ro\/wp-json\/wp\/v2\/comments?post=16558"}],"version-history":[{"count":0,"href":"https:\/\/hadnews.com\/ro\/wp-json\/wp\/v2\/posts\/16558\/revisions"}],"wp:featuredmedia":[{"embeddable":true,"href":"https:\/\/hadnews.com\/ro\/wp-json\/wp\/v2\/media\/16559"}],"wp:attachment":[{"href":"https:\/\/hadnews.com\/ro\/wp-json\/wp\/v2\/media?parent=16558"}],"wp:term":[{"taxonomy":"category","embeddable":true,"href":"https:\/\/hadnews.com\/ro\/wp-json\/wp\/v2\/categories?post=16558"},{"taxonomy":"post_tag","embeddable":true,"href":"https:\/\/hadnews.com\/ro\/wp-json\/wp\/v2\/tags?post=16558"}],"curies":[{"name":"wp","href":"https:\/\/api.w.org\/{rel}","templated":true}]}}