{"id":165678,"date":"2026-01-21T07:32:33","date_gmt":"2026-01-21T05:32:33","guid":{"rendered":"https:\/\/hadnews.com\/ro\/cum-va-fi-implementata-reducerea-de-10-din-salariile-din-administratie\/"},"modified":"2026-01-21T07:32:33","modified_gmt":"2026-01-21T05:32:33","slug":"cum-va-fi-implementata-reducerea-de-10-din-salariile-din-administratie","status":"publish","type":"post","link":"https:\/\/hadnews.com\/ro\/cum-va-fi-implementata-reducerea-de-10-din-salariile-din-administratie\/","title":{"rendered":"Cum va fi implementat\u0103 reducerea de 10% din salariile din administra\u021bie"},"content":{"rendered":"<h3>Cum va fi aplicat\u0103 t\u0103ierea de 10% din anvelopa salarial\u0103 \u00een administra\u021bie<\/h3>\n<p>\u00centr-o transmisie recent\u0103 pe Euronews, vicepremierul Kelemen Hunor a abordat un subiect de mare interes pentru \u00eentreaga societate: t\u0103ierea cu 10% a anvelopei salariale din administra\u021bia public\u0103. Aceast\u0103 m\u0103sur\u0103, considerat\u0103 necesar\u0103 pentru echilibrarea bugetului, a fost explicat\u0103 detaliat de c\u0103tre liderul UDMR.<\/p>\n<p>Kelemen Hunor a subliniat importan\u021ba acestei t\u0103ieri pentru a r\u0103spunde provoc\u0103rilor economice cu care se confrunt\u0103 Rom\u00e2nia. Conform declara\u021biilor sale, ajustarea salariilor \u00een administra\u021bie nu este doar o solu\u021bie temporar\u0103, ci o parte integrant\u0103 a unei strategii mai ample destinate stabiliz\u0103rii financiare a \u021b\u0103rii.<\/p>\n<p>Vorbind despre impactul acestei m\u0103suri, vicepremierul a men\u021bionat c\u0103 t\u0103ierea salarial\u0103 va contribui la crearea unui buget mai sustenabil, dar a subliniat \u0219i faptul c\u0103 Guvernul inten\u021bioneaz\u0103 s\u0103 introduc\u0103 stimulente economice pentru a sus\u021bine angaja\u021bii afecta\u021bi de aceste schimb\u0103ri. Astfel, se va c\u0103uta un echilibru \u00eentre necesitatea de a reduce cheltuielile \u0219i protec\u021bia angaja\u021bilor care vor resim\u021bi aceste ajust\u0103ri.<\/p>\n<p>La nivelul administra\u021biei, aceast\u0103 decizie va avea implica\u021bii directe asupra bugetelor locale \u0219i na\u021bionale, iar liderii de opinie din domeniu subliniaz\u0103 importan\u021ba transparen\u021bei \u00een implementarea acestor m\u0103suri. Reac\u021biile comunit\u0103\u021bii au fost diverse, unii sus\u021bin\u00e2nd necesitatea acestor m\u0103suri, \u00een timp ce al\u021bii \u00ee\u0219i exprim\u0103 \u00eengrijorarea cu privire la impactul pe termen lung asupra moralului angaja\u021bilor din sectorul public.<\/p>\n<p>\u00cen concluzie, t\u0103ierea de 10% a anvelopei salariale \u00een administra\u021bie reprezint\u0103 un pas important \u00een strategia economic\u0103 a Guvernului. R\u0103m\u00e2ne de v\u0103zut cum va fi aplicat\u0103 aceast\u0103 m\u0103sur\u0103 \u0219i care vor fi efectele sale asupra societ\u0103\u021bii \u0219i economiei rom\u00e2ne\u0219ti pe termen lung.<\/p>\n<p><\/p>\n<div class=\"video-container\">\n    <iframe class=\"video\" src=\"https:\/\/www.youtube.com\/embed\/hSHprRQrP30\" allowfullscreen><\/iframe>\n<\/div>\n<p><i>Video &#8220;Cum va fi aplicat\u0103 t\u0103ierea de 10% din anvelopa salarial\u0103 \u00een administra\u021bie\u201d a fost \u00eenc\u0103rcat pe 20\/01\/2026 pe canalul YouTube <a href=\"https:\/\/www.youtube.com\/channel\/UCbATDExtWstHnwWELZnXNZA\" target=\"_blank\"> Euronews Romania <\/a><\/i><\/p>\n","protected":false},"excerpt":{"rendered":"<p>Cum va fi aplicat\u0103 t\u0103ierea de 10% din anvelopa salarial\u0103 \u00een administra\u021bie \u00centr-o transmisie recent\u0103 pe Euronews, vicepremierul Kelemen Hunor a abordat un subiect de mare interes pentru \u00eentreaga societate: t\u0103ierea cu 10% a anvelopei salariale din administra\u021bia&#8230;<\/p>\n","protected":false},"author":84,"featured_media":165679,"comment_status":"","ping_status":"open","sticky":false,"template":"","format":"standard","meta":{"footnotes":""},"categories":[8158],"tags":[97361,86776,2487,120042,120041],"class_list":{"0":"post-165678","1":"post","2":"type-post","3":"status-publish","4":"format-standard","5":"has-post-thumbnail","7":"category-stiri","8":"tag-administratie","9":"tag-budget","10":"tag-salarii","11":"tag-stimulente","12":"tag-taie"},"_links":{"self":[{"href":"https:\/\/hadnews.com\/ro\/wp-json\/wp\/v2\/posts\/165678","targetHints":{"allow":["GET"]}}],"collection":[{"href":"https:\/\/hadnews.com\/ro\/wp-json\/wp\/v2\/posts"}],"about":[{"href":"https:\/\/hadnews.com\/ro\/wp-json\/wp\/v2\/types\/post"}],"author":[{"embeddable":true,"href":"https:\/\/hadnews.com\/ro\/wp-json\/wp\/v2\/users\/84"}],"replies":[{"embeddable":true,"href":"https:\/\/hadnews.com\/ro\/wp-json\/wp\/v2\/comments?post=165678"}],"version-history":[{"count":0,"href":"https:\/\/hadnews.com\/ro\/wp-json\/wp\/v2\/posts\/165678\/revisions"}],"wp:featuredmedia":[{"embeddable":true,"href":"https:\/\/hadnews.com\/ro\/wp-json\/wp\/v2\/media\/165679"}],"wp:attachment":[{"href":"https:\/\/hadnews.com\/ro\/wp-json\/wp\/v2\/media?parent=165678"}],"wp:term":[{"taxonomy":"category","embeddable":true,"href":"https:\/\/hadnews.com\/ro\/wp-json\/wp\/v2\/categories?post=165678"},{"taxonomy":"post_tag","embeddable":true,"href":"https:\/\/hadnews.com\/ro\/wp-json\/wp\/v2\/tags?post=165678"}],"curies":[{"name":"wp","href":"https:\/\/api.w.org\/{rel}","templated":true}]}}