{"id":165996,"date":"2026-01-23T03:24:14","date_gmt":"2026-01-23T01:24:14","guid":{"rendered":"https:\/\/hadnews.com\/ro\/zelenskyys-address-at-the-2026-world-economic-forum-in-davos\/"},"modified":"2026-01-23T03:24:14","modified_gmt":"2026-01-23T01:24:14","slug":"zelenskyys-address-at-the-2026-world-economic-forum-in-davos","status":"publish","type":"post","link":"https:\/\/hadnews.com\/ro\/zelenskyys-address-at-the-2026-world-economic-forum-in-davos\/","title":{"rendered":"Zelenskyy\u2019s Address at the 2026 World Economic Forum in Davos"},"content":{"rendered":"<p><strong>Zelenski, declara\u021bii la Davos 2026: Discursul pre\u0219edintelui Ucrainei dup\u0103 \u00eent\u00e2lnirea cu Donald Trump<\/strong><\/p>\n<p>La Forumul Economic Mondial de la Davos din 2026, pre\u0219edintele Ucrainei, Volodimir Zelenski, a \u021binut un discurs captivant, marc\u00e2nd o etap\u0103 important\u0103 \u00een rela\u021biile interna\u021bionale. \u00cent\u00e2lnirea sa cu fostul pre\u0219edinte american Donald Trump a fost un subiect central, influen\u021b\u00e2nd agenda global\u0103 \u0219i consolid\u00e2nd pozi\u021bia Ucrainei \u00een fa\u021ba provoc\u0103rilor actuale.<\/p>\n<p>\u00cen timpul declara\u021biilor sale, Zelenski a abordat teme esen\u021biale, inclusiv situa\u021bia economic\u0103 a Ucrainei, impactul r\u0103zboiului asupra stabilit\u0103\u021bii regionale \u0219i necesitatea unui sprijin interna\u021bional constan\u021b\u0103. Pre\u0219edintele a subliniat importan\u021ba cooper\u0103rii interna\u021bionale pentru a face fa\u021b\u0103 provoc\u0103rilor economice \u0219i sociale, accentu\u00e2nd rolul Ucrainei ca actor cheie \u00een Europa.<\/p>\n<p>Zelenski a eviden\u021biat, de asemenea, perspectivele de dezvoltare \u0219i reformele implementate \u00een \u021bara sa, care sunt esen\u021biale pentru recuperarea economiei \u0219i integrarea \u00een structurile interna\u021bionale. S-a f\u0103cut apel la comunitatea interna\u021bional\u0103 pentru a r\u0103m\u00e2ne solidar\u0103 \u0219i pentru a sprijini democra\u021bia \u0219i suveranitatea Ucrainei.<\/p>\n<p>Aceast\u0103 discu\u021bie din cadrul Forumului de la Davos nu doar c\u0103 a adus \u00een prim-plan problemele cu care se confrunt\u0103 Ucraina, dar a \u0219i subliniat dificult\u0103\u021bile cu care se confrunt\u0103 liderii globali \u00een contextul geopolitic actual. \u00cen lumina rela\u021biilor tot mai complexe dintre marii actori globali, mesajul lui Zelenski a servit ca un apel c\u0103tre unitate \u0219i ac\u021biune coordonat\u0103.<\/p>\n<p>Momentul a fost marcat de emo\u021bie \u0219i pragmatism, l\u0103s\u00e2nd audien\u021ba cu un mesaj puternic: colaborarea interna\u021bional\u0103 este cheia pentru un viitor prosper \u0219i sigur.<\/p>\n<p><\/p>\n<div class=\"video-container\">\n    <iframe class=\"video\" src=\"https:\/\/www.youtube.com\/embed\/iBezHQrjte8\" allowfullscreen><\/iframe>\n<\/div>\n<p><i>Video &#8220;Zelenski, declara\u021bii la Davos 2026 | Zelenskyy speech at the World Economic Forum\u201d a fost \u00eenc\u0103rcat pe 22\/01\/2026 pe canalul YouTube <a href=\"https:\/\/www.youtube.com\/channel\/UCbATDExtWstHnwWELZnXNZA\" target=\"_blank\"> Euronews Romania <\/a><\/i><\/p>\n","protected":false},"excerpt":{"rendered":"<p>Zelenski, declara\u021bii la Davos 2026: Discursul pre\u0219edintelui Ucrainei dup\u0103 \u00eent\u00e2lnirea cu Donald Trump La Forumul Economic Mondial de la Davos din 2026, pre\u0219edintele Ucrainei, Volodimir Zelenski, a \u021binut un discurs captivant, marc\u00e2nd o etap\u0103 important\u0103 \u00een&#8230;<\/p>\n","protected":false},"author":84,"featured_media":165997,"comment_status":"","ping_status":"open","sticky":false,"template":"","format":"standard","meta":{"footnotes":""},"categories":[8158],"tags":[8570,120128,59473,95615,113058],"class_list":{"0":"post-165996","1":"post","2":"type-post","3":"status-publish","4":"format-standard","5":"has-post-thumbnail","7":"category-stiri","8":"tag-davos","9":"tag-forumul-economic","10":"tag-trump","11":"tag-ucraine","12":"tag-zelensky"},"_links":{"self":[{"href":"https:\/\/hadnews.com\/ro\/wp-json\/wp\/v2\/posts\/165996","targetHints":{"allow":["GET"]}}],"collection":[{"href":"https:\/\/hadnews.com\/ro\/wp-json\/wp\/v2\/posts"}],"about":[{"href":"https:\/\/hadnews.com\/ro\/wp-json\/wp\/v2\/types\/post"}],"author":[{"embeddable":true,"href":"https:\/\/hadnews.com\/ro\/wp-json\/wp\/v2\/users\/84"}],"replies":[{"embeddable":true,"href":"https:\/\/hadnews.com\/ro\/wp-json\/wp\/v2\/comments?post=165996"}],"version-history":[{"count":0,"href":"https:\/\/hadnews.com\/ro\/wp-json\/wp\/v2\/posts\/165996\/revisions"}],"wp:featuredmedia":[{"embeddable":true,"href":"https:\/\/hadnews.com\/ro\/wp-json\/wp\/v2\/media\/165997"}],"wp:attachment":[{"href":"https:\/\/hadnews.com\/ro\/wp-json\/wp\/v2\/media?parent=165996"}],"wp:term":[{"taxonomy":"category","embeddable":true,"href":"https:\/\/hadnews.com\/ro\/wp-json\/wp\/v2\/categories?post=165996"},{"taxonomy":"post_tag","embeddable":true,"href":"https:\/\/hadnews.com\/ro\/wp-json\/wp\/v2\/tags?post=165996"}],"curies":[{"name":"wp","href":"https:\/\/api.w.org\/{rel}","templated":true}]}}