{"id":169238,"date":"2026-02-22T10:29:26","date_gmt":"2026-02-22T08:29:26","guid":{"rendered":"https:\/\/hadnews.com\/ro\/penitenciarul-gherla-cluj-raport-2025\/"},"modified":"2026-02-22T10:29:26","modified_gmt":"2026-02-22T08:29:26","slug":"penitenciarul-gherla-cluj-raport-2025","status":"publish","type":"post","link":"https:\/\/hadnews.com\/ro\/penitenciarul-gherla-cluj-raport-2025\/","title":{"rendered":"Penitenciarul Gherla (Cluj): Raport 2025"},"content":{"rendered":"<h3>Penitenciarul Gherla: Bilan\u021b 2025 &#8211; \u00centre Supraglomerare \u0219i Reform\u0103<\/h3>\n<p>Penitenciarul Gherla, situat \u00een jude\u021bul Cluj, a \u00eencheiat anul 2025 cu o imagine complex\u0103, marcat\u0103 de realiz\u0103ri semnificative \u00een domeniul reintegr\u0103rii sociale, dar \u0219i de provoc\u0103ri persistente. Aceast\u0103 institu\u021bie a reu\u0219it s\u0103 ating\u0103 cifre record \u00een ini\u021biativele de reintegrare, demonstr\u00e2nd un angajament puternic fa\u021b\u0103 de reabilitarea de\u021binu\u021bilor \u0219i facilitarea unei reintegr\u0103ri eficiente \u00een societate.<\/p>\n<p>\u00cen cadrul acestor eforturi, Penitenciarul Gherla a implementat numeroase proiecte europene finan\u021bate, care au contribuit nu doar la dezvoltarea abilit\u0103\u021bilor profesionale ale de\u021binu\u021bilor, ci \u0219i la \u00eembun\u0103t\u0103\u021birea condi\u021biilor de via\u021b\u0103 din cadrul institu\u021biei. Aceste ini\u021biative au fost esen\u021biale \u00een contextul tendin\u021belor actuale de reformare a sistemului penitenciar rom\u00e2nesc, care prioritizeaz\u0103 reabilitarea \u00een detrimentul pedepselor pur punitive.<\/p>\n<p>Totu\u0219i, \u00een ciuda acestor progrese, penitenciarul se confrunt\u0103 cu o problem\u0103 serioas\u0103 de supraaglomerare. Aceast\u0103 situa\u021bie a fost constant\u0103 \u00een ultimii ani \u0219i afecteaz\u0103 calitatea vie\u021bii de\u021binu\u021bilor, dar \u0219i capacitatea personalului de a oferi suport adecvat. Supraaglomerarea nu doar c\u0103 complic\u0103 gestionarea resurselor, dar poate afecta \u0219i rezultatele programelor de reintegrare, pun\u00e2nd \u00een dificultate eforturile de reform\u0103.<\/p>\n<p>\u00cen concluzie, bilan\u021bul anului 2025 pentru Penitenciarul Gherla relev\u0103 un paradox: \u00een timp ce au fost ob\u021binute progrese remarcabile \u00een domeniul reintegr\u0103rii sociale \u0219i moderniz\u0103rii infrastructurii, provoc\u0103rile legate de supraaglomerare r\u0103m\u00e2n un obstacol major \u00een atingerea unui sistem penitenciar cu adev\u0103rat reformist. Viitorul va depinde de modul \u00een care autorit\u0103\u021bile vor gestiona aceste tensiuni \u0219i vor continua s\u0103 investeasc\u0103 \u00een solu\u021bii sustenabile.<\/p>\n<p><\/p>\n<div class=\"video-container\">\n    <iframe class=\"video\" src=\"https:\/\/www.youtube.com\/embed\/2UADtVEqohU\" allowfullscreen><\/iframe>\n<\/div>\n<p><i>Video &#8220;Penitenciarul Gherla (Cluj) bilant 2025\u201d a fost \u00eenc\u0103rcat pe 22\/02\/2026 pe canalul YouTube <a href=\"https:\/\/www.youtube.com\/channel\/UCsaWBFFkiI-QJYbuH9_YHxg\" target=\"_blank\"> Gherla INFO <\/a><\/i><\/p>\n","protected":false},"excerpt":{"rendered":"<p>Penitenciarul Gherla: Bilan\u021b 2025 &#8211; \u00centre Supraglomerare \u0219i Reform\u0103 Penitenciarul Gherla, situat \u00een jude\u021bul Cluj, a \u00eencheiat anul 2025 cu o imagine complex\u0103, marcat\u0103 de realiz\u0103ri semnificative \u00een domeniul reintegr\u0103rii sociale, dar \u0219i de provoc\u0103ri&#8230;<\/p>\n","protected":false},"author":89,"featured_media":169239,"comment_status":"","ping_status":"open","sticky":false,"template":"","format":"standard","meta":{"footnotes":""},"categories":[1],"tags":[58841,60691,121188,90489,121189],"class_list":{"0":"post-169238","1":"post","2":"type-post","3":"status-publish","4":"format-standard","5":"has-post-thumbnail","7":"category-societate","8":"tag-gherla","9":"tag-infrastructura","10":"tag-penitenciarul","11":"tag-reintegrare","12":"tag-supraaglomerare"},"_links":{"self":[{"href":"https:\/\/hadnews.com\/ro\/wp-json\/wp\/v2\/posts\/169238","targetHints":{"allow":["GET"]}}],"collection":[{"href":"https:\/\/hadnews.com\/ro\/wp-json\/wp\/v2\/posts"}],"about":[{"href":"https:\/\/hadnews.com\/ro\/wp-json\/wp\/v2\/types\/post"}],"author":[{"embeddable":true,"href":"https:\/\/hadnews.com\/ro\/wp-json\/wp\/v2\/users\/89"}],"replies":[{"embeddable":true,"href":"https:\/\/hadnews.com\/ro\/wp-json\/wp\/v2\/comments?post=169238"}],"version-history":[{"count":0,"href":"https:\/\/hadnews.com\/ro\/wp-json\/wp\/v2\/posts\/169238\/revisions"}],"wp:featuredmedia":[{"embeddable":true,"href":"https:\/\/hadnews.com\/ro\/wp-json\/wp\/v2\/media\/169239"}],"wp:attachment":[{"href":"https:\/\/hadnews.com\/ro\/wp-json\/wp\/v2\/media?parent=169238"}],"wp:term":[{"taxonomy":"category","embeddable":true,"href":"https:\/\/hadnews.com\/ro\/wp-json\/wp\/v2\/categories?post=169238"},{"taxonomy":"post_tag","embeddable":true,"href":"https:\/\/hadnews.com\/ro\/wp-json\/wp\/v2\/tags?post=169238"}],"curies":[{"name":"wp","href":"https:\/\/api.w.org\/{rel}","templated":true}]}}