{"id":169298,"date":"2026-02-23T11:58:31","date_gmt":"2026-02-23T09:58:31","guid":{"rendered":"https:\/\/hadnews.com\/ro\/reciclarea-este-o-provocare-pentru-tineri-maghiara\/"},"modified":"2026-02-23T11:58:31","modified_gmt":"2026-02-23T09:58:31","slug":"reciclarea-este-o-provocare-pentru-tineri-maghiara","status":"publish","type":"post","link":"https:\/\/hadnews.com\/ro\/reciclarea-este-o-provocare-pentru-tineri-maghiara\/","title":{"rendered":"Reciclarea este o provocare pentru tineri #Maghiar\u0103"},"content":{"rendered":"<h2>Reciclarea este o provocare pentru tineri<\/h2>\n<p>\u00centr-o lume \u00een care problema de\u0219eurilor devine din ce \u00een ce mai acut\u0103, \u00eentrebarea \u201eCe facem cu gunoiul?\u201d devine un subiect esen\u021bial de discu\u021bie. \u00cen acest context, tinerii din Timi\u0219oara \u0219i Szeged au avut ocazia s\u0103 \u00ee\u0219i \u00eembog\u0103\u021beasc\u0103 cuno\u0219tin\u021bele cu ajutorul unui proiect transfrontalier dedicat recicl\u0103rii. <\/p>\n<p>Proiectul nu doar c\u0103 a oferit informa\u021bii utile despre cum s\u0103 recicl\u0103m corect, dar a \u0219i \u00eencurajat imagina\u021bia tinerilor, prezent\u00e2ndu-le modalit\u0103\u021bi inovative de a transforma obiectele stricate \u00een articole de uz casnic utile \u0219i estetice. Activit\u0103\u021bile au inclus ateliere de crea\u021bie \u00een care participan\u021bii au fost \u00eenv\u0103\u021ba\u021bi s\u0103 reg\u00e2ndeasc\u0103 soarta materialelor aparent inutile, transform\u00e2ndu-le \u00een opere de art\u0103 sau obiecte func\u021bionale.<\/p>\n<p>Proiectul a venit ca o necesitate de a educa genera\u021biile tinere \u00een privin\u021ba importan\u021bei recicl\u0103rii, nu doar ca un act responsabil, ci \u0219i ca o oportunitate de a \u00eembun\u0103t\u0103\u021bi mediul \u00eenconjur\u0103tor. Aceast\u0103 ini\u021biativ\u0103 marcheaz\u0103 un pas important \u00een con\u0219tientizarea problemelor de mediu \u0219i demonstreaz\u0103 cum implicarea tinerilor poate aduce un impact pozitiv asupra comunit\u0103\u021bilor locale.<\/p>\n<p>Prin acest demers, tinerii nu doar c\u0103 au \u00eenv\u0103\u021bat despre reciclare, dar \u0219i despre colaborare, fiind implica\u021bi activ \u00een acest proiect care \u00eencurajeaz\u0103 unitatea \u00eentre comunit\u0103\u021bile rom\u00e2n\u0103 \u0219i maghiar\u0103. Desigur, astfel de ini\u021biative sunt esen\u021biale \u00een construirea unui viitor durabil, \u00een care tinerii devin agen\u021bi ai schimb\u0103rii sociale \u0219i ecologice.<\/p>\n<p>Acest video ofer\u0103 o privire detaliat\u0103 asupra acestor ateliere \u0219i experien\u021belor tr\u0103ite de tineri, oferind nu doar o lec\u021bie despre reciclare, ci \u0219i un exemplu despre cum inova\u021bia poate s\u0103 r\u0103spund\u0103 provoc\u0103rilor de mediu cu care ne confrunt\u0103m ast\u0103zi. Reciclarea nu trebuie s\u0103 fie o obliga\u021bie, ci o provocare creativ\u0103 pentru fiecare dintre noi.<\/p>\n<p><\/p>\n<div class=\"video-container\">\n    <iframe class=\"video\" src=\"https:\/\/www.youtube.com\/embed\/KANMGtGfOXs\" allowfullscreen><\/iframe>\n<\/div>\n<p><i>Video &#8220;Reciclarea este o provocare pentru tineri #Maghiar\u0103 @TVRTM\u200b\u201d a fost \u00eenc\u0103rcat pe 23\/02\/2026 pe canalul YouTube <a href=\"https:\/\/www.youtube.com\/channel\/UC4s2jV969piEO6spzzxWnIQ\" target=\"_blank\"> TVR Timi\u015foara <\/a><\/i><\/p>\n","protected":false},"excerpt":{"rendered":"<p>Reciclarea este o provocare pentru tineri \u00centr-o lume \u00een care problema de\u0219eurilor devine din ce \u00een ce mai acut\u0103, \u00eentrebarea \u201eCe facem cu gunoiul?\u201d devine un subiect esen\u021bial de discu\u021bie. \u00cen acest context, tinerii din Timi\u0219oara \u0219i Szeged au avut ocazia s\u0103 \u00ee\u0219i&#8230;<\/p>\n","protected":false},"author":88,"featured_media":169299,"comment_status":"","ping_status":"open","sticky":false,"template":"","format":"standard","meta":{"footnotes":""},"categories":[8158],"tags":[89301,73617,86670,2271,20265,21354],"class_list":{"0":"post-169298","1":"post","2":"type-post","3":"status-publish","4":"format-standard","5":"has-post-thumbnail","7":"category-stiri","8":"tag-gunoi","9":"tag-proiect","10":"tag-reciclare","11":"tag-romania","12":"tag-timisoara","13":"tag-tineri"},"_links":{"self":[{"href":"https:\/\/hadnews.com\/ro\/wp-json\/wp\/v2\/posts\/169298","targetHints":{"allow":["GET"]}}],"collection":[{"href":"https:\/\/hadnews.com\/ro\/wp-json\/wp\/v2\/posts"}],"about":[{"href":"https:\/\/hadnews.com\/ro\/wp-json\/wp\/v2\/types\/post"}],"author":[{"embeddable":true,"href":"https:\/\/hadnews.com\/ro\/wp-json\/wp\/v2\/users\/88"}],"replies":[{"embeddable":true,"href":"https:\/\/hadnews.com\/ro\/wp-json\/wp\/v2\/comments?post=169298"}],"version-history":[{"count":0,"href":"https:\/\/hadnews.com\/ro\/wp-json\/wp\/v2\/posts\/169298\/revisions"}],"wp:featuredmedia":[{"embeddable":true,"href":"https:\/\/hadnews.com\/ro\/wp-json\/wp\/v2\/media\/169299"}],"wp:attachment":[{"href":"https:\/\/hadnews.com\/ro\/wp-json\/wp\/v2\/media?parent=169298"}],"wp:term":[{"taxonomy":"category","embeddable":true,"href":"https:\/\/hadnews.com\/ro\/wp-json\/wp\/v2\/categories?post=169298"},{"taxonomy":"post_tag","embeddable":true,"href":"https:\/\/hadnews.com\/ro\/wp-json\/wp\/v2\/tags?post=169298"}],"curies":[{"name":"wp","href":"https:\/\/api.w.org\/{rel}","templated":true}]}}