{"id":169880,"date":"2026-02-27T18:03:33","date_gmt":"2026-02-27T16:03:33","guid":{"rendered":"https:\/\/hadnews.com\/ro\/primele-luni-cu-surplus-bugetar-dupa-7-ani-de-deficite\/"},"modified":"2026-02-27T18:03:33","modified_gmt":"2026-02-27T16:03:33","slug":"primele-luni-cu-surplus-bugetar-dupa-7-ani-de-deficite","status":"publish","type":"post","link":"https:\/\/hadnews.com\/ro\/primele-luni-cu-surplus-bugetar-dupa-7-ani-de-deficite\/","title":{"rendered":"Primele luni cu surplus bugetar dup\u0103 7 ani de deficite"},"content":{"rendered":"<h3>Prima lun\u0103 cu excedent bugetar dup\u0103 7 ani de deficit<\/h3>\n<p>\u00centr-un context economic marcat de provoc\u0103ri \u0219i tensiuni politice, Rom\u00e2nia a reu\u0219it s\u0103 \u00eenregistreze, \u00een prima lun\u0103 a anului, un excedent bugetar pentru prima dat\u0103 dup\u0103 \u0219apte ani consecutivi de deficit. Aceast\u0103 performan\u021b\u0103 financiar\u0103 vine ca o surpriz\u0103 pl\u0103cut\u0103 pentru anali\u0219ti \u0219i deciden\u021bi, av\u00e2nd \u00een vedere preocup\u0103rile cu privire la stabilitatea economic\u0103 a \u021b\u0103rii.<\/p>\n<p>Cu toate c\u0103 ultimele zile au fost dominate de disputele din cadrul coali\u021biei de guvernare, \u00een special cu privire la posibile schimb\u0103ri \u00een conducerea administra\u021biei locale, guvernul a anun\u021bat m\u0103suri importante pentru sprijinirea comunit\u0103\u021bilor. Printre acestea, reducerea impozitelor locale pentru cl\u0103dirile foarte vechi \u0219i pentru persoanele cu dizabilit\u0103\u021bi se dovede\u0219te a fi un pas semnificativ \u00een direc\u021bia sprijinirii celor mai vulnerabile categorii. <\/p>\n<p>M\u0103surile recente, menite s\u0103 \u00eembun\u0103t\u0103\u021beasc\u0103 condi\u021biile de trai pentru cet\u0103\u021beni, sunt un r\u0103spuns direct la nevoile exprimate de comunitate, \u00een condi\u021biile \u00een care mul\u021bi rom\u00e2ni se confrunt\u0103 cu situa\u021bii financiare dificile. Analiz\u00e2nd rezultatele financiare, exper\u021bii sugereaz\u0103 c\u0103 excedentul bugetar poate oferi guvernului o marj\u0103 de manevr\u0103 mai mare pentru a investi \u00een proiecte esen\u021biale, \u00een efortul de a revitaliza economia na\u021bional\u0103.<\/p>\n<p>\u00cens\u0103, r\u0103m\u00e2ne de v\u0103zut cum vor influen\u021ba tensiunile politice actuale stabilitatea pe termen lung a acestei direc\u021bii financiare. Discu\u021biile referitoare la schimbarea lui Ilie Bolojan din func\u021bia sa de lider administrativ adaug\u0103 o not\u0103 de incertitudine \u00een peisajul politic, ceea ce ar putea afecta implementarea m\u0103surilor promise.<\/p>\n<p>\u00cen timp ce rom\u00e2nii a\u0219teapt\u0103 cu interes evolu\u021biile economice, se ridic\u0103 \u00eentrebarea dac\u0103 acest excedent este un semn al unei transform\u0103ri durabile sau doar un moment trec\u0103tor. Cu toate acestea, angajamentele guvernului de a reduce impozitele \u0219i de a sprijini persoanele defavorizate reprezint\u0103 un pas \u00een direc\u021bia corect\u0103, iar impactul acestor decizii va fi observat \u00een lunile urm\u0103toare.<\/p>\n<p>R\u0103m\u00e2ne\u021bi al\u0103turi de noi pentru a urm\u0103ri evolu\u021bia acestor situa\u021bii \u0219i impactul lor asupra economiei \u0219i societ\u0103\u021bii rom\u00e2ne\u0219ti.<\/p>\n<p><\/p>\n<div class=\"video-container\">\n    <iframe class=\"video\" src=\"https:\/\/www.youtube.com\/embed\/XLW44BCUvf8\" allowfullscreen><\/iframe>\n<\/div>\n<p><i>Video &#8220;Prima lun\u0103 cu excedent bugetar dup\u0103 7 ani de deficit\u201d a fost \u00eenc\u0103rcat pe 27\/02\/2026 pe canalul YouTube <a href=\"https:\/\/www.youtube.com\/channel\/UCbATDExtWstHnwWELZnXNZA\" target=\"_blank\"> Euronews Romania <\/a><\/i><\/p>\n","protected":false},"excerpt":{"rendered":"<p>Prima lun\u0103 cu excedent bugetar dup\u0103 7 ani de deficit \u00centr-un context economic marcat de provoc\u0103ri \u0219i tensiuni politice, Rom\u00e2nia a reu\u0219it s\u0103 \u00eenregistreze, \u00een prima lun\u0103 a anului, un excedent bugetar pentru prima dat\u0103 dup\u0103 \u0219apte ani consecutivi de deficit&#8230;<\/p>\n","protected":false},"author":84,"featured_media":169881,"comment_status":"","ping_status":"open","sticky":false,"template":"","format":"standard","meta":{"footnotes":""},"categories":[8158],"tags":[84777,83105,87217,88002,60874],"class_list":{"0":"post-169880","1":"post","2":"type-post","3":"status-publish","4":"format-standard","5":"has-post-thumbnail","7":"category-stiri","8":"tag-buget","9":"tag-coalitie","10":"tag-deficit","11":"tag-impozite","12":"tag-psd"},"_links":{"self":[{"href":"https:\/\/hadnews.com\/ro\/wp-json\/wp\/v2\/posts\/169880","targetHints":{"allow":["GET"]}}],"collection":[{"href":"https:\/\/hadnews.com\/ro\/wp-json\/wp\/v2\/posts"}],"about":[{"href":"https:\/\/hadnews.com\/ro\/wp-json\/wp\/v2\/types\/post"}],"author":[{"embeddable":true,"href":"https:\/\/hadnews.com\/ro\/wp-json\/wp\/v2\/users\/84"}],"replies":[{"embeddable":true,"href":"https:\/\/hadnews.com\/ro\/wp-json\/wp\/v2\/comments?post=169880"}],"version-history":[{"count":0,"href":"https:\/\/hadnews.com\/ro\/wp-json\/wp\/v2\/posts\/169880\/revisions"}],"wp:featuredmedia":[{"embeddable":true,"href":"https:\/\/hadnews.com\/ro\/wp-json\/wp\/v2\/media\/169881"}],"wp:attachment":[{"href":"https:\/\/hadnews.com\/ro\/wp-json\/wp\/v2\/media?parent=169880"}],"wp:term":[{"taxonomy":"category","embeddable":true,"href":"https:\/\/hadnews.com\/ro\/wp-json\/wp\/v2\/categories?post=169880"},{"taxonomy":"post_tag","embeddable":true,"href":"https:\/\/hadnews.com\/ro\/wp-json\/wp\/v2\/tags?post=169880"}],"curies":[{"name":"wp","href":"https:\/\/api.w.org\/{rel}","templated":true}]}}