{"id":170784,"date":"2026-03-05T14:37:26","date_gmt":"2026-03-05T12:37:26","guid":{"rendered":"https:\/\/hadnews.com\/ro\/degustarea-carnatilor-banateni-sacalaz-2026-germana\/"},"modified":"2026-03-05T14:37:26","modified_gmt":"2026-03-05T12:37:26","slug":"degustarea-carnatilor-banateni-sacalaz-2026-germana","status":"publish","type":"post","link":"https:\/\/hadnews.com\/ro\/degustarea-carnatilor-banateni-sacalaz-2026-germana\/","title":{"rendered":"Degustarea C\u00e2rna\u021bilor B\u0103n\u0103\u021beni \u2013 S\u0103c\u0103laz 2026 #German\u0103"},"content":{"rendered":"<p><strong>Degustarea C\u00e2rna\u021bilor B\u0103n\u0103\u021beni \u2013 S\u0103c\u0103laz 2026: O S\u0103rb\u0103toare a Tradi\u021biei \u0219i Gustului Autentic<\/strong><\/p>\n<p>\u00cen inima Banatului, un eveniment cu o tradi\u021bie bine \u00eenr\u0103d\u0103cinat\u0103 \u00ee\u0219i deschide por\u021bile pentru pasiona\u021bii de gastronomie: Degustarea C\u00e2rna\u021bilor B\u0103n\u0103\u021beni. Acesta se desf\u0103\u0219oar\u0103 anual \u00een pitoreasca localitate S\u0103c\u0103laz, iar edi\u021bia din 2026 promite s\u0103 fie una memorabil\u0103.<\/p>\n<p>C\u00e2rna\u021bii b\u0103n\u0103\u021beni, cunoscu\u021bi pentru savoarea lor aparte, sunt rezultatul unei \u00eendelungate tradi\u021bii culinare, transmis\u0103 din genera\u021bie \u00een genera\u021bie. Evenimentul atrage nu doar localnicii, ci \u0219i turi\u0219ti din \u00eentreaga \u021bar\u0103, dornici s\u0103 descopere aromele \u0219i secretele acestui preparat emblematic.<\/p>\n<p>Organizatorii au preg\u0103tit o poveste plin\u0103 de tradi\u021bii, un fusion \u00eentre vechi \u0219i nou, unde m\u00e2nc\u0103rurile delicioase se \u00eembin\u0103 armonios cu atmosfera cald\u0103 a comunit\u0103\u021bii. Vizitatorii vor avea ocazia de a degusta nu doar c\u00e2rna\u021bi b\u0103n\u0103\u021beni, ci \u0219i alte produse tradi\u021bionale, acompaniate de muzic\u0103 popular\u0103 \u0219i dansuri specifice zonei.<\/p>\n<p>Degustarea C\u00e2rna\u021bilor B\u0103n\u0103\u021beni este mai mult dec\u00e2t un simplu festival gastronomic; este o oportunitate de a celebra identitatea cultural\u0103 a Banatului, de a re\u00eennoda leg\u0103turile comunit\u0103\u021bii \u0219i de a r\u0103sp\u00e2ndi bucuria g\u0103titului \u00eempreun\u0103.<\/p>\n<p>A\u0219adar, \u00een 2026, S\u0103c\u0103laz devine centrul gustului autohton, unde tradi\u021biile \u00ee\u0219i au locul de cinste, iar fiecare mu\u0219c\u0103tur\u0103 de c\u00e2rnat poveste\u0219te o istorie de dedica\u021bie \u0219i pasiune pentru gastronomie. Nu rata\u021bi ocazia de a fi parte din aceast\u0103 s\u0103rb\u0103toare, care promite s\u0103 aduc\u0103 z\u00e2mbete \u0219i momente de neuitat.<\/p>\n<p><\/p>\n<div class=\"video-container\">\n    <iframe class=\"video\" src=\"https:\/\/www.youtube.com\/embed\/sKvG4p3eO-0\" allowfullscreen><\/iframe>\n<\/div>\n<p><i>Video &#8220;Degustarea C\u00e2rna\u021bilor B\u0103n\u0103\u021beni \u2013 S\u0103c\u0103laz 2026 #German\u0103 @TVRTM\u201d a fost \u00eenc\u0103rcat pe 05\/03\/2026 pe canalul YouTube <a href=\"https:\/\/www.youtube.com\/channel\/UC4s2jV969piEO6spzzxWnIQ\" target=\"_blank\"> TVR Timi\u015foara <\/a><\/i><\/p>\n","protected":false},"excerpt":{"rendered":"<p>Degustarea C\u00e2rna\u021bilor B\u0103n\u0103\u021beni \u2013 S\u0103c\u0103laz 2026: O S\u0103rb\u0103toare a Tradi\u021biei \u0219i Gustului Autentic \u00cen inima Banatului, un eveniment cu o tradi\u021bie bine \u00eenr\u0103d\u0103cinat\u0103 \u00ee\u0219i deschide por\u021bile pentru pasiona\u021bii de gastronomie: Degustarea C\u00e2rna\u021bilor B\u0103n\u0103\u021beni. Acesta se&#8230;<\/p>\n","protected":false},"author":88,"featured_media":170785,"comment_status":"","ping_status":"open","sticky":false,"template":"","format":"standard","meta":{"footnotes":""},"categories":[8158],"tags":[86600,59708,61428,2271,20265,31879],"class_list":{"0":"post-170784","1":"post","2":"type-post","3":"status-publish","4":"format-standard","5":"has-post-thumbnail","7":"category-stiri","8":"tag-carnati","9":"tag-comunitate","10":"tag-gastronomie","11":"tag-romania","12":"tag-timisoara","13":"tag-traditie"},"_links":{"self":[{"href":"https:\/\/hadnews.com\/ro\/wp-json\/wp\/v2\/posts\/170784","targetHints":{"allow":["GET"]}}],"collection":[{"href":"https:\/\/hadnews.com\/ro\/wp-json\/wp\/v2\/posts"}],"about":[{"href":"https:\/\/hadnews.com\/ro\/wp-json\/wp\/v2\/types\/post"}],"author":[{"embeddable":true,"href":"https:\/\/hadnews.com\/ro\/wp-json\/wp\/v2\/users\/88"}],"replies":[{"embeddable":true,"href":"https:\/\/hadnews.com\/ro\/wp-json\/wp\/v2\/comments?post=170784"}],"version-history":[{"count":0,"href":"https:\/\/hadnews.com\/ro\/wp-json\/wp\/v2\/posts\/170784\/revisions"}],"wp:featuredmedia":[{"embeddable":true,"href":"https:\/\/hadnews.com\/ro\/wp-json\/wp\/v2\/media\/170785"}],"wp:attachment":[{"href":"https:\/\/hadnews.com\/ro\/wp-json\/wp\/v2\/media?parent=170784"}],"wp:term":[{"taxonomy":"category","embeddable":true,"href":"https:\/\/hadnews.com\/ro\/wp-json\/wp\/v2\/categories?post=170784"},{"taxonomy":"post_tag","embeddable":true,"href":"https:\/\/hadnews.com\/ro\/wp-json\/wp\/v2\/tags?post=170784"}],"curies":[{"name":"wp","href":"https:\/\/api.w.org\/{rel}","templated":true}]}}