{"id":172544,"date":"2026-03-20T07:36:33","date_gmt":"2026-03-20T05:36:33","guid":{"rendered":"https:\/\/hadnews.com\/ro\/un-roman-din-trei-nu-foloseste-transportul-public\/"},"modified":"2026-03-20T07:36:33","modified_gmt":"2026-03-20T05:36:33","slug":"un-roman-din-trei-nu-foloseste-transportul-public","status":"publish","type":"post","link":"https:\/\/hadnews.com\/ro\/un-roman-din-trei-nu-foloseste-transportul-public\/","title":{"rendered":"Un rom\u00e2n din trei nu folose\u0219te transportul public"},"content":{"rendered":"<h3>Unul din Trei Rom\u00e2ni Evit\u0103 Transportul Public: O Realitate \u00eengrijor\u0103toare<\/h3>\n<p>Un studiu recent a scos la iveal\u0103 o tendin\u021b\u0103 alarmant\u0103 \u00een Rom\u00e2nia: unul din trei rom\u00e2ni nu folose\u0219te niciodat\u0103 transportul \u00een comun. Dimpotriv\u0103, la nivel european, aceast\u0103 cifr\u0103 este \u0219i mai mare, cu peste jum\u0103tate dintre cet\u0103\u021beni aleg\u00e2nd s\u0103 evite mijloacele publice de transport. Aceast\u0103 aversiune fa\u021b\u0103 de transportul public vine \u00eentr-un moment \u00een care costurile carburan\u021bilor cresc vertiginos, iar dependen\u021ba de autoturisme devine tot mai costisitoare.<\/p>\n<p>Rom\u00e2nia, cu o infrastructur\u0103 de transport public care face fa\u021b\u0103 cu greu cerin\u021belor cet\u0103\u021benilor, se afl\u0103 \u00eentr-un moment crucial. Cre\u0219terea pre\u021burilor la carburan\u021bi nu doar c\u0103 afecteaz\u0103 bugetul familiei, ci contribuie \u0219i la o poluare crescut\u0103 \u00een ora\u0219ele noastre. \u00cen acest context, transportul public \u0219i bicicleta se eviden\u021biaz\u0103 ca solu\u021bii viabile pentru a reduce costurile de c\u0103l\u0103torie \u0219i a proteja mediul.<\/p>\n<p>Exper\u021bii atrag aten\u021bia c\u0103, prin \u00eembun\u0103t\u0103\u021birea calit\u0103\u021bii \u0219i a frecven\u021bei transportului public, rom\u00e2nii ar putea fi \u00eencuraja\u021bi s\u0103 abandoneze ma\u0219inile personale. De asemenea, dezvoltarea infrastructurii pentru cicli\u0219ti ar putea oferi o alternativ\u0103 s\u0103n\u0103toas\u0103 \u0219i ecologic\u0103 pentru naveta zilnic\u0103. <\/p>\n<p>Opri\u021bi-v\u0103 s\u0103 reflecta\u021bi asupra alegerilor dumneavoastr\u0103 de transport. Este timpul s\u0103 consider\u0103m transportul public \u0219i utilizarea bicicletelor nu doar ca op\u021biuni, ci ca solu\u021bii esen\u021biale pentru un viitor sustenabil. <\/p>\n<p>Aceast\u0103 tem\u0103, care devine din ce \u00een ce mai relevant\u0103, subliniaz\u0103 importan\u021ba adapt\u0103rii societ\u0103\u021bii rom\u00e2ne\u0219ti la o nou\u0103 realitate, \u00een care mobilitatea sustenabil\u0103 nu este doar un trend, ci o necesitate.<\/p>\n<p><\/p>\n<div class=\"video-container\">\n    <iframe class=\"video\" src=\"https:\/\/www.youtube.com\/embed\/9hvAeH892wc\" allowfullscreen><\/iframe>\n<\/div>\n<p><i>Video &#8220;Unul din trei rom\u00e2ni evit\u0103 transportul public\u201d a fost \u00eenc\u0103rcat pe 19\/03\/2026 pe canalul YouTube <a href=\"https:\/\/www.youtube.com\/channel\/UCbATDExtWstHnwWELZnXNZA\" target=\"_blank\"> Euronews Romania <\/a><\/i><\/p>\n","protected":false},"excerpt":{"rendered":"<p>Unul din Trei Rom\u00e2ni Evit\u0103 Transportul Public: O Realitate \u00eengrijor\u0103toare Un studiu recent a scos la iveal\u0103 o tendin\u021b\u0103 alarmant\u0103 \u00een Rom\u00e2nia: unul din trei rom\u00e2ni nu folose\u0219te niciodat\u0103 transportul \u00een comun. Dimpotriv\u0103, la nivel european, aceast\u0103 cifr\u0103 este \u0219i&#8230;<\/p>\n","protected":false},"author":84,"featured_media":172545,"comment_status":"","ping_status":"open","sticky":false,"template":"","format":"standard","meta":{"footnotes":""},"categories":[8158],"tags":[88202,3669,2447,89496,98134],"class_list":{"0":"post-172544","1":"post","2":"type-post","3":"status-publish","4":"format-standard","5":"has-post-thumbnail","7":"category-stiri","8":"tag-costuri","9":"tag-masini","10":"tag-romani","11":"tag-solutii","12":"tag-transport-public"},"_links":{"self":[{"href":"https:\/\/hadnews.com\/ro\/wp-json\/wp\/v2\/posts\/172544","targetHints":{"allow":["GET"]}}],"collection":[{"href":"https:\/\/hadnews.com\/ro\/wp-json\/wp\/v2\/posts"}],"about":[{"href":"https:\/\/hadnews.com\/ro\/wp-json\/wp\/v2\/types\/post"}],"author":[{"embeddable":true,"href":"https:\/\/hadnews.com\/ro\/wp-json\/wp\/v2\/users\/84"}],"replies":[{"embeddable":true,"href":"https:\/\/hadnews.com\/ro\/wp-json\/wp\/v2\/comments?post=172544"}],"version-history":[{"count":0,"href":"https:\/\/hadnews.com\/ro\/wp-json\/wp\/v2\/posts\/172544\/revisions"}],"wp:featuredmedia":[{"embeddable":true,"href":"https:\/\/hadnews.com\/ro\/wp-json\/wp\/v2\/media\/172545"}],"wp:attachment":[{"href":"https:\/\/hadnews.com\/ro\/wp-json\/wp\/v2\/media?parent=172544"}],"wp:term":[{"taxonomy":"category","embeddable":true,"href":"https:\/\/hadnews.com\/ro\/wp-json\/wp\/v2\/categories?post=172544"},{"taxonomy":"post_tag","embeddable":true,"href":"https:\/\/hadnews.com\/ro\/wp-json\/wp\/v2\/tags?post=172544"}],"curies":[{"name":"wp","href":"https:\/\/api.w.org\/{rel}","templated":true}]}}