{"id":172978,"date":"2026-03-23T23:24:27","date_gmt":"2026-03-23T21:24:27","guid":{"rendered":"https:\/\/hadnews.com\/ro\/warcast-3-razboiul-din-iran-un-ultimatum-neindeplinit\/"},"modified":"2026-03-23T23:24:27","modified_gmt":"2026-03-23T21:24:27","slug":"warcast-3-razboiul-din-iran-un-ultimatum-neindeplinit","status":"publish","type":"post","link":"https:\/\/hadnews.com\/ro\/warcast-3-razboiul-din-iran-un-ultimatum-neindeplinit\/","title":{"rendered":"WARCAST #3: R\u0103zboiul din Iran: Un ultimatum ne\u00eendeplinit"},"content":{"rendered":"<h3>R\u0103zboiul din Iran: Ultimatumul care n-a fost<\/h3>\n<p>\u00centr-o lume marcat\u0103 de incertitudini geopolitice, Iranul se afl\u0103 din nou \u00een centrul aten\u021biei interna\u021bionale. Recent, autorit\u0103\u021bile de la Teheran au primit un mesaj clar: dac\u0103 nu se conformeaz\u0103 cerin\u021belor impuse de actorii externi, instala\u021biile energetice ale \u021b\u0103rii vor deveni \u021binte ale unor atacuri devastatoare.<\/p>\n<p>Aceast\u0103 amenin\u021bare st\u00e2rne\u0219te reac\u021bii puternice din partea G\u0103rzilor Revolu\u021bionare \u0219i a liderilor politici iranieni, care nu ezit\u0103 s\u0103 declare c\u0103 vor riposta \u201ecu aceea\u0219i m\u0103sur\u0103\u201d. Atmosfera este tensionat\u0103, iar escaladarea conflictului pare iminent\u0103.<\/p>\n<p>\u00cen acest context, discursul oficialilor iranieni reflect\u0103 nu doar o pozi\u021bie de defensiv\u0103, ci \u0219i o provocare deschis\u0103 la adresa celor care \u00eencearc\u0103 s\u0103 influen\u021beze politica intern\u0103 a Iranului. Cu o economie deja fragil\u0103 \u0219i sanc\u021biuni interna\u021bionale \u00een vigoare, Teheranul se confrunt\u0103 cu un ultimatum care ar putea avea consecin\u021be devastatoare nu doar asupra infrastructurii energetice, ci \u0219i asupra stabilit\u0103\u021bii regionale.<\/p>\n<p>Acest ultimatum subliniaz\u0103 complexitatea rela\u021biilor interna\u021bionale \u0219i caut\u0103 s\u0103 pun\u0103 la \u00eendoial\u0103 capacitatea Iranului de a r\u0103spunde unor provoc\u0103ri externe. De asemenea, clasa politic\u0103 iranian\u0103 este pus\u0103 \u00eentr-o situa\u021bie delicat\u0103, fiind nevoit\u0103 s\u0103 echilibreze r\u0103spunsurile interne cu cele externe, \u00een contextul unei popula\u021bii tot mai nemul\u021bumite.<\/p>\n<p>\u00cen acest episod din seria &#8220;WARCAST&#8221;, vom explora implica\u021biile acestui ultimatum, reac\u021biile din interiorul Iranului \u0219i posibilele scenarii de escaladare sau de solu\u021bionare a tensiunilor. Asist\u0103m, oare, la o nou\u0103 rund\u0103 de confrunt\u0103ri \u00een regiune sau exist\u0103 c\u0103i de dialog care ar putea s\u0103 conduc\u0103 la o stabilizare a situa\u021biei?<\/p>\n<p>Pentru a \u00een\u021belege mai bine impactul acestor evenimente asupra regiunii \u0219i a comunit\u0103\u021bii interna\u021bionale, urm\u0103ri\u021bi analiza noastr\u0103 detaliat\u0103 \u0219i r\u0103m\u00e2ne\u021bi la curent cu cele mai recente \u0219tiri din aceast\u0103 parte delicat\u0103 a lumii.<\/p>\n<p><\/p>\n<div class=\"video-container\">\n    <iframe class=\"video\" src=\"https:\/\/www.youtube.com\/embed\/MyIETbN2WxI\" allowfullscreen><\/iframe>\n<\/div>\n<p><i>Video &#8220;WARCAST #3: R\u0103zboiul din Iran: Ultimatumul care n-a fost\u201d a fost \u00eenc\u0103rcat pe 23\/03\/2026 pe canalul YouTube <a href=\"https:\/\/www.youtube.com\/channel\/UCbATDExtWstHnwWELZnXNZA\" target=\"_blank\"> Euronews Romania <\/a><\/i><\/p>\n","protected":false},"excerpt":{"rendered":"<p>R\u0103zboiul din Iran: Ultimatumul care n-a fost \u00centr-o lume marcat\u0103 de incertitudini geopolitice, Iranul se afl\u0103 din nou \u00een centrul aten\u021biei interna\u021bionale. Recent, autorit\u0103\u021bile de la Teheran au primit un mesaj clar: dac\u0103 nu se conformeaz\u0103 cerin\u021belor impuse de&#8230;<\/p>\n","protected":false},"author":84,"featured_media":172979,"comment_status":"","ping_status":"open","sticky":false,"template":"","format":"standard","meta":{"footnotes":""},"categories":[8158],"tags":[58995,121427,3866,98363,87741],"class_list":{"0":"post-172978","1":"post","2":"type-post","3":"status-publish","4":"format-standard","5":"has-post-thumbnail","7":"category-stiri","8":"tag-atac","9":"tag-garzile-revolutionare","10":"tag-iran","11":"tag-ultimatum","12":"tag-war"},"_links":{"self":[{"href":"https:\/\/hadnews.com\/ro\/wp-json\/wp\/v2\/posts\/172978","targetHints":{"allow":["GET"]}}],"collection":[{"href":"https:\/\/hadnews.com\/ro\/wp-json\/wp\/v2\/posts"}],"about":[{"href":"https:\/\/hadnews.com\/ro\/wp-json\/wp\/v2\/types\/post"}],"author":[{"embeddable":true,"href":"https:\/\/hadnews.com\/ro\/wp-json\/wp\/v2\/users\/84"}],"replies":[{"embeddable":true,"href":"https:\/\/hadnews.com\/ro\/wp-json\/wp\/v2\/comments?post=172978"}],"version-history":[{"count":0,"href":"https:\/\/hadnews.com\/ro\/wp-json\/wp\/v2\/posts\/172978\/revisions"}],"wp:featuredmedia":[{"embeddable":true,"href":"https:\/\/hadnews.com\/ro\/wp-json\/wp\/v2\/media\/172979"}],"wp:attachment":[{"href":"https:\/\/hadnews.com\/ro\/wp-json\/wp\/v2\/media?parent=172978"}],"wp:term":[{"taxonomy":"category","embeddable":true,"href":"https:\/\/hadnews.com\/ro\/wp-json\/wp\/v2\/categories?post=172978"},{"taxonomy":"post_tag","embeddable":true,"href":"https:\/\/hadnews.com\/ro\/wp-json\/wp\/v2\/tags?post=172978"}],"curies":[{"name":"wp","href":"https:\/\/api.w.org\/{rel}","templated":true}]}}