{"id":173589,"date":"2026-03-29T11:53:40","date_gmt":"2026-03-29T09:53:40","guid":{"rendered":"https:\/\/hadnews.com\/ro\/scriitorul-catalin-ceausoglu-este-invitat-la-piperpelimba\/"},"modified":"2026-03-29T11:53:40","modified_gmt":"2026-03-29T09:53:40","slug":"scriitorul-catalin-ceausoglu-este-invitat-la-piperpelimba","status":"publish","type":"post","link":"https:\/\/hadnews.com\/ro\/scriitorul-catalin-ceausoglu-este-invitat-la-piperpelimba\/","title":{"rendered":"Scriitorul C\u0103t\u0103lin Ceau\u0219oglu este invitat la #PiperPeLimba"},"content":{"rendered":"<h3>C\u0103t\u0103lin Ceau\u0219oglu, Invitatul Special al Emisiunii #PiperPeLimba la TVRTM<\/h3>\n<p>Pasiona\u021bii de literatur\u0103 \u0219i nu numai sunt invita\u021bi s\u0103 descopere o discu\u021bie fascinant\u0103 cu scriitorul rom\u00e2n C\u0103t\u0103lin Ceau\u0219oglu, un talent recunoscut pe scena literar\u0103 contemporan\u0103. Invitat la emisiunea #PiperPeLimba, Ceau\u0219oglu va explora teme variate care transcend simplele cuvinte scrise, aduc\u00e2nd \u00een prim-plan perspective unice asupra literaturii, tehnologiei \u0219i inspira\u021biei.<\/p>\n<p>Nu este o surpriz\u0103 c\u0103 Ceau\u0219oglu a captat aten\u021bia criticilor literari \u0219i a cititorilor prin operele sale, printre care se num\u0103r\u0103 volumul &#8220;\u0218apte pove\u0219ti care nu se termin\u0103 bine pentru toat\u0103 lumea&#8221;. Acest titlu, publicat de editura Nemira, a fost recompensat ex aequo cu Premiul Cartea Discret\u0103 a Anului la Premiile ARCCA din 2023, eviden\u021biind impactul pe care scrisul s\u0103u \u00eel are asupra comunit\u0103\u021bii literare. Al\u0103turi de acesta, &#8220;Dezr\u0103d\u0103cina\u021bii&#8221;, publicat de editura Trei, completeaz\u0103 paleta sa narativ\u0103, abord\u00e2nd teme relevante \u0219i provocatoare.<\/p>\n<p>Discu\u021bia va atinge subiecte variate, de la confrunt\u0103rile scriitorice\u0219ti, precum blocajele creative \u0219i c\u0103utarea inspira\u021biei, la reflectarea asupra evolu\u021biei tehnologiei informa\u021biei \u0219i inteligen\u021bei artificiale. Intersec\u021bia dintre literatur\u0103 \u0219i tehnologie va fi un punct central al dialogului, fiind un subiect de actualitate care st\u00e2rne\u0219te mult\u0103 curiozitate \u00een r\u00e2ndul autorilor \u0219i cititorilor deopotriv\u0103.<\/p>\n<p>Emisiunea va include, de asemenea, o prezentare a noilor apari\u021bii editoriale, oferind telespectatorilor oportunitatea de a descoperi c\u0103r\u021bi noi \u0219i interesante ce merit\u0103 citite. C\u0103t\u0103lin Ceau\u0219oglu va \u00eemp\u0103rt\u0103\u0219i nu doar experien\u021bele sale de scriitor, ci \u0219i recomand\u0103ri valoroase care pot \u00eemboga\u021bi paleta de lectur\u0103 a celor dornici s\u0103 \u00eembun\u0103t\u0103\u021beasc\u0103 rela\u021bia cu literatura.<\/p>\n<p>Nu rata\u021bi ocazia de a asculta g\u00e2ndurile unui autor contemporan remarcabil, \u00eentr-o discu\u021bie care promite s\u0103 inspire \u0219i s\u0103 provoace reflec\u021bii profunde asupra rolului literaturii \u00een epoca digital\u0103. Emiterea va avea loc pe TVRTM, fiind un adev\u0103rat festin pentru cei care iubesc cuvintele \u0219i pove\u0219tile bine spuse.<\/p>\n<p><\/p>\n<div class=\"video-container\">\n    <iframe class=\"video\" src=\"https:\/\/www.youtube.com\/embed\/ArgRfSFh904\" allowfullscreen><\/iframe>\n<\/div>\n<p><i>Video &#8220;Scriitorul C\u0103t\u0103lin Ceau\u0219oglu este invitat la #PiperPeLimba @TVRTM\u201d a fost \u00eenc\u0103rcat pe 29\/03\/2026 pe canalul YouTube <a href=\"https:\/\/www.youtube.com\/channel\/UC4s2jV969piEO6spzzxWnIQ\" target=\"_blank\"> TVR Timi\u015foara <\/a><\/i><\/p>\n","protected":false},"excerpt":{"rendered":"<p>C\u0103t\u0103lin Ceau\u0219oglu, Invitatul Special al Emisiunii #PiperPeLimba la TVRTM Pasiona\u021bii de literatur\u0103 \u0219i nu numai sunt invita\u021bi s\u0103 descopere o discu\u021bie fascinant\u0103 cu scriitorul rom\u00e2n C\u0103t\u0103lin Ceau\u0219oglu, un talent recunoscut pe scena literar\u0103 contemporan\u0103. Invitat&#8230;<\/p>\n","protected":false},"author":88,"featured_media":173590,"comment_status":"","ping_status":"open","sticky":false,"template":"","format":"standard","meta":{"footnotes":""},"categories":[8158],"tags":[2271,98493,20265],"class_list":{"0":"post-173589","1":"post","2":"type-post","3":"status-publish","4":"format-standard","5":"has-post-thumbnail","7":"category-stiri","8":"tag-romania","9":"tag-scriitor","10":"tag-timisoara"},"_links":{"self":[{"href":"https:\/\/hadnews.com\/ro\/wp-json\/wp\/v2\/posts\/173589","targetHints":{"allow":["GET"]}}],"collection":[{"href":"https:\/\/hadnews.com\/ro\/wp-json\/wp\/v2\/posts"}],"about":[{"href":"https:\/\/hadnews.com\/ro\/wp-json\/wp\/v2\/types\/post"}],"author":[{"embeddable":true,"href":"https:\/\/hadnews.com\/ro\/wp-json\/wp\/v2\/users\/88"}],"replies":[{"embeddable":true,"href":"https:\/\/hadnews.com\/ro\/wp-json\/wp\/v2\/comments?post=173589"}],"version-history":[{"count":0,"href":"https:\/\/hadnews.com\/ro\/wp-json\/wp\/v2\/posts\/173589\/revisions"}],"wp:featuredmedia":[{"embeddable":true,"href":"https:\/\/hadnews.com\/ro\/wp-json\/wp\/v2\/media\/173590"}],"wp:attachment":[{"href":"https:\/\/hadnews.com\/ro\/wp-json\/wp\/v2\/media?parent=173589"}],"wp:term":[{"taxonomy":"category","embeddable":true,"href":"https:\/\/hadnews.com\/ro\/wp-json\/wp\/v2\/categories?post=173589"},{"taxonomy":"post_tag","embeddable":true,"href":"https:\/\/hadnews.com\/ro\/wp-json\/wp\/v2\/tags?post=173589"}],"curies":[{"name":"wp","href":"https:\/\/api.w.org\/{rel}","templated":true}]}}