{"id":175974,"date":"2026-04-20T09:23:36","date_gmt":"2026-04-20T07:23:36","guid":{"rendered":"https:\/\/hadnews.com\/ro\/marea-unire-de-la-ungheni\/"},"modified":"2026-04-20T09:23:36","modified_gmt":"2026-04-20T07:23:36","slug":"marea-unire-de-la-ungheni","status":"publish","type":"post","link":"https:\/\/hadnews.com\/ro\/marea-unire-de-la-ungheni\/","title":{"rendered":"Marea Unire de la Ungheni"},"content":{"rendered":"<p><strong>Marea amalgamare de la Ungheni: O nou\u0103 er\u0103 pentru municipiu \u0219i satele \u00eenvecinate<\/strong><\/p>\n<p>\u00cen inima Moldovei, municipiul Ungheni se preg\u0103te\u0219te s\u0103 devin\u0103 un exemplu de integrare \u0219i dezvoltare regional\u0103, urm\u00e2nd s\u0103 absoarb\u0103 nu mai pu\u021bin de 18 sate din \u0219apte prim\u0103rii \u00eenvecinate. Acest proces de amalgamare voluntar\u0103, ce se deschide cu promisiuni de beneficii at\u00e2t pentru locuitori, c\u00e2t \u0219i pentru administra\u021bia local\u0103, marcheaz\u0103 o etap\u0103 semnificativ\u0103 \u00een istoria recent\u0103 a regiunii.<\/p>\n<p>Dup\u0103 finalizarea acestui proces, popula\u021bia municipiului Ungheni va cre\u0219te considerabil, ating\u00e2nd aproape 39.000 de locuitori. Aceast\u0103 cre\u0219tere demografic\u0103 va aduce cu sine nu doar o diversificare a comunit\u0103\u021bii, ci \u0219i o serie de provoc\u0103ri \u0219i oportunit\u0103\u021bi. Administra\u021bia local\u0103 va avea responsabilitatea de a gestiona o popula\u021bie mai numeroas\u0103, ceea ce implic\u0103 o planificare atent\u0103 a serviciilor publice, infrastructurii \u0219i resurselor economice.<\/p>\n<p>Comasarea localit\u0103\u021bilor are ca scop principal eficientizarea resurselor \u0219i \u00eembun\u0103t\u0103\u021birea calit\u0103\u021bii vie\u021bii. Prin unificarea acestor sate, se sper\u0103 la crearea unui mediu mai propice dezvolt\u0103rii economice \u0219i sociale. De asemenea, se anticipateaz\u0103 c\u0103 aceast\u0103 ini\u021biativ\u0103 va atrage fonduri mai mari din partea statului \u0219i a organiza\u021biilor interna\u021bionale, destinate moderniz\u0103rii infrastructurii \u0219i dezvolt\u0103rii comunit\u0103\u021bii.<\/p>\n<p>Cu toate acestea, procesul de amalgamare nu este lipsit de controverse. Mul\u021bi cet\u0103\u021beni se \u00eentreab\u0103 despre impactul pe care aceast\u0103 schimbare \u00eel va avea asupra identit\u0103\u021bii locale \u0219i a tradi\u021biilor comunit\u0103\u021bii. \u00cengrijor\u0103rile legate de dispari\u021bia anumitor aspecte ale vie\u021bii rurale, de subfinan\u021barea satelor \u00eenvecinate \u0219i de posibila marginalizare a lor \u00een fa\u021ba primariei mai mari sunt doar c\u00e2teva dintre temele discutate \u00een r\u00e2ndul locuitorilor.<\/p>\n<p>Este esen\u021bial ca autorit\u0103\u021bile locale s\u0103 comunice eficient cu cet\u0103\u021benii, s\u0103 le asigure transparen\u021b\u0103 \u0219i s\u0103 le ascult-e opinia, astfel \u00eenc\u00e2t s\u0103 minimalizeze temerile \u0219i s\u0103 maximizeze beneficiile. Aceast\u0103 schimbare profund\u0103 ofer\u0103 o oportunitate unic\u0103 de a redefini viitorul Ungheniului \u0219i al localit\u0103\u021bilor \u00eenvecinate.<\/p>\n<p>Pe scurt, Marea amalgamare de la Ungheni poate deveni un model de bun\u0103 practic\u0103 pentru alte regiuni ale Moldovei, dar succesul depinde \u00een mare m\u0103sur\u0103 de implicarea activ\u0103 a comunit\u0103\u021bii \u0219i de capabilit\u0103\u021bile de conducere ale administra\u021biei locale. R\u0103m\u00e2ne de v\u0103zut dac\u0103 acest proces va conduce la o dezvoltare armonioas\u0103 \u0219i sustenabil\u0103 sau dac\u0103 va genera mai multe probleme dec\u00e2t solu\u021bii.<\/p>\n<p><\/p>\n<div class=\"video-container\">\n    <iframe class=\"video\" src=\"https:\/\/www.youtube.com\/embed\/xMqUx7b0DyY\" allowfullscreen><\/iframe>\n<\/div>\n<p><i>Video &#8220;Marea amalgamare de la Ungheni\u201d a fost \u00eenc\u0103rcat pe 20\/04\/2026 pe canalul YouTube <a href=\"https:\/\/www.youtube.com\/channel\/UCGGIVRhyZZLdWTMeBEqX2Vg\" target=\"_blank\"> Europa Liber\u0103 Moldova <\/a><\/i><\/p>\n","protected":false},"excerpt":{"rendered":"<p>Marea amalgamare de la Ungheni: O nou\u0103 er\u0103 pentru municipiu \u0219i satele \u00eenvecinate \u00cen inima Moldovei, municipiul Ungheni se preg\u0103te\u0219te s\u0103 devin\u0103 un exemplu de integrare \u0219i dezvoltare regional\u0103, urm\u00e2nd s\u0103 absoarb\u0103 nu mai pu\u021bin de 18 sate din \u0219apte prim\u0103rii&#8230;<\/p>\n","protected":false},"author":86,"featured_media":175975,"comment_status":"","ping_status":"open","sticky":false,"template":"","format":"standard","meta":{"footnotes":""},"categories":[1],"tags":[],"class_list":{"0":"post-175974","1":"post","2":"type-post","3":"status-publish","4":"format-standard","5":"has-post-thumbnail","7":"category-societate"},"_links":{"self":[{"href":"https:\/\/hadnews.com\/ro\/wp-json\/wp\/v2\/posts\/175974","targetHints":{"allow":["GET"]}}],"collection":[{"href":"https:\/\/hadnews.com\/ro\/wp-json\/wp\/v2\/posts"}],"about":[{"href":"https:\/\/hadnews.com\/ro\/wp-json\/wp\/v2\/types\/post"}],"author":[{"embeddable":true,"href":"https:\/\/hadnews.com\/ro\/wp-json\/wp\/v2\/users\/86"}],"replies":[{"embeddable":true,"href":"https:\/\/hadnews.com\/ro\/wp-json\/wp\/v2\/comments?post=175974"}],"version-history":[{"count":0,"href":"https:\/\/hadnews.com\/ro\/wp-json\/wp\/v2\/posts\/175974\/revisions"}],"wp:featuredmedia":[{"embeddable":true,"href":"https:\/\/hadnews.com\/ro\/wp-json\/wp\/v2\/media\/175975"}],"wp:attachment":[{"href":"https:\/\/hadnews.com\/ro\/wp-json\/wp\/v2\/media?parent=175974"}],"wp:term":[{"taxonomy":"category","embeddable":true,"href":"https:\/\/hadnews.com\/ro\/wp-json\/wp\/v2\/categories?post=175974"},{"taxonomy":"post_tag","embeddable":true,"href":"https:\/\/hadnews.com\/ro\/wp-json\/wp\/v2\/tags?post=175974"}],"curies":[{"name":"wp","href":"https:\/\/api.w.org\/{rel}","templated":true}]}}