{"id":176383,"date":"2026-04-23T08:18:48","date_gmt":"2026-04-23T06:18:48","guid":{"rendered":"https:\/\/hadnews.com\/ro\/gherla-cluj-accident-involving-two-vehicles-april-23-2026\/"},"modified":"2026-04-23T08:18:48","modified_gmt":"2026-04-23T06:18:48","slug":"gherla-cluj-accident-involving-two-vehicles-april-23-2026","status":"publish","type":"post","link":"https:\/\/hadnews.com\/ro\/gherla-cluj-accident-involving-two-vehicles-april-23-2026\/","title":{"rendered":"Gherla (Cluj) Accident Involving Two Vehicles &#8211; April 23, 2026"},"content":{"rendered":"<h3>Accident rutier la Gherla: Dou\u0103 autoturisme implicate<\/h3>\n<p>\u00cen diminea\u021ba zilei de joi, 23 aprilie 2026, \u00een jurul orei 07:35, un accident ruteir a avut loc pe DN1C, la intrarea \u00een municipiul Gherla, provoc\u00e2nd \u00eengrijorare \u00een r\u00e2ndul participan\u021bilor la trafic \u0219i al localnicilor.<\/p>\n<p>Conform primelor informa\u021bii, coliziunea a implicat dou\u0103 autoturisme care se deplasau pe aceea\u0219i direc\u021bie. Impactul a fost suficient de violent pentru a genera pagube materiale semnificative, dar, din fericire, nu s-au raportat victime \u00een stare critic\u0103. La fa\u021ba locului, echipajele de interven\u021bie au sosit rapid, asigur\u00e2ndu-se c\u0103 zona este \u00een siguran\u021b\u0103 \u0219i c\u0103 to\u021bi cei implica\u021bi primesc \u00eengrijirile necesare.<\/p>\n<p>Poli\u021bia rutier\u0103 a demarat o anchet\u0103 pentru a stabili cauzele precise ale accidentului, iar martorii sunt ruga\u021bi s\u0103 furnizeze informa\u021bii suplimentare care ar putea ajuta la elucidarea circumstan\u021belor incidentului. De asemenea, se recomand\u0103 pruden\u021b\u0103 sporit\u0103 pentru \u0219oferi, av\u00e2nd \u00een vedere c\u0103 situa\u021biile de acest gen sunt adesea generate de neaten\u021bia la volan sau de condi\u021biile meteo.<\/p>\n<p>Accidentul de la Gherla reitereaz\u0103 importan\u021ba respect\u0103rii regulilor de circula\u021bie, precum \u0219i a semnaliz\u0103rii adecvate, mai ales \u00een zonele cu trafic intens. \u00cen cele din urm\u0103, r\u0103m\u00e2ne de observat care vor fi m\u0103surile luate de autorit\u0103\u021bi pentru a preveni astfel de evenimente nefericite \u00een viitor.<\/p>\n<p><\/p>\n<div class=\"video-container\">\n    <iframe class=\"video\" src=\"https:\/\/www.youtube.com\/embed\/O0szWrdr8AM\" allowfullscreen><\/iframe>\n<\/div>\n<p><i>Video &#8220;Accident Gherla (Cluj), doua autoturisme 23 04 2026\u201d a fost \u00eenc\u0103rcat pe 23\/04\/2026 pe canalul YouTube <a href=\"https:\/\/www.youtube.com\/channel\/UCsaWBFFkiI-QJYbuH9_YHxg\" target=\"_blank\"> Gherla INFO <\/a><\/i><\/p>\n","protected":false},"excerpt":{"rendered":"<p>Accident rutier la Gherla: Dou\u0103 autoturisme implicate \u00cen diminea\u021ba zilei de joi, 23 aprilie 2026, \u00een jurul orei 07:35, un accident ruteir a avut loc pe DN1C, la intrarea \u00een municipiul Gherla, provoc\u00e2nd \u00eengrijorare \u00een r\u00e2ndul participan\u021bilor la trafic \u0219i al&#8230;<\/p>\n","protected":false},"author":89,"featured_media":176384,"comment_status":"","ping_status":"open","sticky":false,"template":"","format":"standard","meta":{"footnotes":""},"categories":[1],"tags":[3678,63702,123267,58841,85969],"class_list":{"0":"post-176383","1":"post","2":"type-post","3":"status-publish","4":"format-standard","5":"has-post-thumbnail","7":"category-societate","8":"tag-accident","9":"tag-autoturisme","10":"tag-dn1c","11":"tag-gherla","12":"tag-rutier"},"_links":{"self":[{"href":"https:\/\/hadnews.com\/ro\/wp-json\/wp\/v2\/posts\/176383","targetHints":{"allow":["GET"]}}],"collection":[{"href":"https:\/\/hadnews.com\/ro\/wp-json\/wp\/v2\/posts"}],"about":[{"href":"https:\/\/hadnews.com\/ro\/wp-json\/wp\/v2\/types\/post"}],"author":[{"embeddable":true,"href":"https:\/\/hadnews.com\/ro\/wp-json\/wp\/v2\/users\/89"}],"replies":[{"embeddable":true,"href":"https:\/\/hadnews.com\/ro\/wp-json\/wp\/v2\/comments?post=176383"}],"version-history":[{"count":0,"href":"https:\/\/hadnews.com\/ro\/wp-json\/wp\/v2\/posts\/176383\/revisions"}],"wp:featuredmedia":[{"embeddable":true,"href":"https:\/\/hadnews.com\/ro\/wp-json\/wp\/v2\/media\/176384"}],"wp:attachment":[{"href":"https:\/\/hadnews.com\/ro\/wp-json\/wp\/v2\/media?parent=176383"}],"wp:term":[{"taxonomy":"category","embeddable":true,"href":"https:\/\/hadnews.com\/ro\/wp-json\/wp\/v2\/categories?post=176383"},{"taxonomy":"post_tag","embeddable":true,"href":"https:\/\/hadnews.com\/ro\/wp-json\/wp\/v2\/tags?post=176383"}],"curies":[{"name":"wp","href":"https:\/\/api.w.org\/{rel}","templated":true}]}}