{"id":17738,"date":"2024-01-09T15:21:43","date_gmt":"2024-01-09T13:21:43","guid":{"rendered":"https:\/\/hadnews.com\/ro\/?p=17738"},"modified":"2024-01-09T15:21:43","modified_gmt":"2024-01-09T13:21:43","slug":"a-murit-creatoarea-de-moda-delia-lazar-designerul-avea-doar-42-de-ani","status":"publish","type":"post","link":"https:\/\/hadnews.com\/ro\/a-murit-creatoarea-de-moda-delia-lazar-designerul-avea-doar-42-de-ani\/","title":{"rendered":"A murit creatoarea de mod\u0103 Delia Laz\u0103r. Designerul avea doar 42 de ani"},"content":{"rendered":"\n<div id=\"\">\n<p>Delia Laz\u0103r a suferit o opera\u021bie pe creier \u00een anul 2022, dar<br \/>\ndup\u0103 interven\u021bia chirurgical\u0103 au survenit complica\u021bii.<\/p>\n<div class=\"container-image  svelte-jd4qiv\"><picture loading=\"eager\" class=\"contain svelte-h45upf\" width=\"1400\" height=\"750\" alt=\"Delia Laz\u0103r avea doar 42 de ani\"><source type=\"image\/webp\" srcset=\"https:\/\/cdn.adh.reperio.news\/image-4\/43ca817d-ea1f-4e4c-a421-3012d2f757c3\/index.png?p=a%3D1%26co%3D1.05%26w%3D1400%26h%3D750%26r%3Dcontain%26c%3D0%252C0%252C1%252C0.58%26f%3Dwebp 1400w\" media=\"(min-width: 1400px)\"><source type=\"image\/webp\" srcset=\"https:\/\/cdn.adh.reperio.news\/image-4\/43ca817d-ea1f-4e4c-a421-3012d2f757c3\/index.png?p=a%3D1%26co%3D1.05%26w%3D1000%26h%3D750%26r%3Dcontain%26c%3D0%252C0%252C1%252C0.58%26f%3Dwebp 1000w\" media=\"(min-width: 1000px)\"><source type=\"image\/webp\" srcset=\"https:\/\/cdn.adh.reperio.news\/image-4\/43ca817d-ea1f-4e4c-a421-3012d2f757c3\/index.png?p=a%3D1%26co%3D1.05%26w%3D700%26h%3D750%26r%3Dcontain%26c%3D0%252C0%252C1%252C0.58%26f%3Dwebp 700w\" media=\"(min-width: 700px)\"><source type=\"image\/png\" srcset=\"https:\/\/cdn.adh.reperio.news\/image-4\/43ca817d-ea1f-4e4c-a421-3012d2f757c3\/index.png?p=a%3D1%26co%3D1.05%26w%3D1400%26h%3D750%26r%3Dcontain%26c%3D0%252C0%252C1%252C0.58%26f%3Dpng 1400w\" media=\"(min-width: 1400px)\"><source type=\"image\/png\" srcset=\"https:\/\/cdn.adh.reperio.news\/image-4\/43ca817d-ea1f-4e4c-a421-3012d2f757c3\/index.png?p=a%3D1%26co%3D1.05%26w%3D1000%26h%3D750%26r%3Dcontain%26c%3D0%252C0%252C1%252C0.58%26f%3Dpng 1000w\" media=\"(min-width: 1000px)\"><source type=\"image\/png\" srcset=\"https:\/\/cdn.adh.reperio.news\/image-4\/43ca817d-ea1f-4e4c-a421-3012d2f757c3\/index.png?p=a%3D1%26co%3D1.05%26w%3D700%26h%3D750%26r%3Dcontain%26c%3D0%252C0%252C1%252C0.58%26f%3Dpng 700w\" media=\"(min-width: 700px)\"><\/source><\/source><\/source><\/source><\/source><\/source><\/picture>\n<p>Delia Laz\u0103r avea doar 42 de ani<\/p>\n<\/div>\n<p>Unul dintre cei mai cunoscu\u021bi designeri de mod\u0103 din Rom\u00e2nia,<br \/>\nDelia Laz\u0103r, a murit la v\u00e2rsta de 42 de ani. <\/p>\n<p>Anun\u021bul despre dispari\u021bia din<br \/>\naceast\u0103 lume a <a rel=\"nofollow noopener\" target=\"_blank\" href=\"https:\/\/adevarul.ro\/stiri-externe\/rusia\/a-murit-tarul-modei-sovietice-apreciat-in-2262940.html\">creatoarei de mod\u0103<\/a> a fost f\u0103cut chiar de copiii ei, pe pagina de<br \/>\nFacebook.<\/p>\n<p><i>\u201e\u00cen urma unei opera\u021bii complexe pe creier \u00een anul 2022 mama<br \/>\nnoastr\u0103 a \u00eenceput o nou\u0103 via\u021b\u0103, \u00eens\u0103 dup\u0103 o perioad\u0103 de recuperare de un an \u0219i<br \/>\njum\u0103tate un moment de neaten\u021bie \u0219i o stare fizic\u0103 sl\u0103bit\u0103 au dus la o tragedie.<br \/>\nPe aceast\u0103 cale \u021binem s\u0103 v\u0103 anun\u021b\u0103m c\u0103 draga noastr\u0103 mam\u0103 ne-a p\u0103r\u0103sit pe data<br \/>\nde 7.01.2024. TE VOM P\u0102STRA \u00ceN INIMILE NOASTRE PENTRU TOTDEAUNA.\u00a0TE IUBIM<br \/>\nMAMA!\u201d,<\/i> este mesajul postat pe pagina de socializare a creatoarei de mod\u0103.\u00a0<\/p>\n<p><iframe loading=\"lazy\" src=\"https:\/\/www.facebook.com\/plugins\/post.php?href=https%3A%2F%2Fwww.facebook.com%2Fpermalink.php%3Fstory_fbid%3Dpfbid0nAgzmvLxBnc4xhejnhi1WaTu3y2CtoWQwv3mLEfPLzsHwTG9zkfujbHG6krerQj4l%26id%3D100001589691170&amp;show_text=true&amp;width=390\" width=\"500\" height=\"565\" style=\"border:none;overflow:hidden\" frameborder=\"0\" allowfullscreen=\"true\" allow=\"autoplay; clipboard-write; encrypted-media; picture-in-picture; web-share\" class=\"facebook-iframe\"><\/iframe><\/p>\n<p>Pe 30 decembrie 2023, creatoare de mod\u0103 a postat pe Facebook un mesaj optimist.\u00a0<\/p>\n<p>\u201d<i>Anul acesta m-a \u00eenv\u0103\u021bat s\u0103 nu renun\u021b niciodat\u0103. M-am confruntat cu at\u00e2tea provoc\u0103ri dar le-am \u00eenfruntat cu curaj. \u0218tiu c\u0103 voi r\u0103zbate in tot ce va urma&#8230;M-a \u00eenv\u0103\u021bat s\u0103 renun\u0163 la&#8230;<\/i><\/p>\n<\/div>\n<p><i>Citeste tot articolul: <a href=\"https:\/\/adevarul.ro\/showbiz\/vedete\/a-murit-creatoarea-de-moda-delia-lazar-designerul-2330006.html\" target=\"_blank\" rel=\"noopener\">A murit creatoarea de mod\u0103 Delia Laz\u0103r. Designerul avea doar 42 de ani<\/a><\/i><\/p>\n<p> <img src=https:\/\/cdn.adh.reperio.news\/image-4\/43ca817d-ea1f-4e4c-a421-3012d2f757c3\/index.png?p=f%3Djpeg%26w%3D1200%26h%3D630%26r%3Dcover%26c%3D0%252C0%252C1%252C0.58> <\/p>\n<p><i>Articolul &#8220;A murit creatoarea de mod\u0103 Delia Laz\u0103r. Designerul avea doar 42 de ani&#8221; al autorului  a fost publicat pe 09\/01\/2024 de <a href=\"https:\/\/adevarul.ro\/showbiz\/vedete\/a-murit-creatoarea-de-moda-delia-lazar-designerul-2330006.html\" target=\"_blank\" rel=\"noopener\">adevarul.ro<\/a><\/i><\/p>\n","protected":false},"excerpt":{"rendered":"<p>Delia Laz\u0103r a suferit o opera\u021bie pe creier \u00een anul 2022, dar dup\u0103 interven\u021bia chirurgical\u0103 au survenit complica\u021bii. Delia Laz\u0103r avea doar 42 de ani Unul dintre cei mai cunoscu\u021bi designeri de mod\u0103 din Rom\u00e2nia, Delia&#8230;<\/p>\n","protected":false},"author":57,"featured_media":17739,"comment_status":"closed","ping_status":"open","sticky":false,"template":"","format":"standard","meta":{"footnotes":""},"categories":[3594],"tags":[],"class_list":{"0":"post-17738","1":"post","2":"type-post","3":"status-publish","4":"format-standard","5":"has-post-thumbnail","7":"category-vedete"},"_links":{"self":[{"href":"https:\/\/hadnews.com\/ro\/wp-json\/wp\/v2\/posts\/17738","targetHints":{"allow":["GET"]}}],"collection":[{"href":"https:\/\/hadnews.com\/ro\/wp-json\/wp\/v2\/posts"}],"about":[{"href":"https:\/\/hadnews.com\/ro\/wp-json\/wp\/v2\/types\/post"}],"author":[{"embeddable":true,"href":"https:\/\/hadnews.com\/ro\/wp-json\/wp\/v2\/users\/57"}],"replies":[{"embeddable":true,"href":"https:\/\/hadnews.com\/ro\/wp-json\/wp\/v2\/comments?post=17738"}],"version-history":[{"count":0,"href":"https:\/\/hadnews.com\/ro\/wp-json\/wp\/v2\/posts\/17738\/revisions"}],"wp:featuredmedia":[{"embeddable":true,"href":"https:\/\/hadnews.com\/ro\/wp-json\/wp\/v2\/media\/17739"}],"wp:attachment":[{"href":"https:\/\/hadnews.com\/ro\/wp-json\/wp\/v2\/media?parent=17738"}],"wp:term":[{"taxonomy":"category","embeddable":true,"href":"https:\/\/hadnews.com\/ro\/wp-json\/wp\/v2\/categories?post=17738"},{"taxonomy":"post_tag","embeddable":true,"href":"https:\/\/hadnews.com\/ro\/wp-json\/wp\/v2\/tags?post=17738"}],"curies":[{"name":"wp","href":"https:\/\/api.w.org\/{rel}","templated":true}]}}