{"id":18132,"date":"2024-01-10T17:35:30","date_gmt":"2024-01-10T15:35:30","guid":{"rendered":"https:\/\/hadnews.com\/ro\/?p=18132"},"modified":"2024-01-10T17:35:30","modified_gmt":"2024-01-10T15:35:30","slug":"shakira-momente-de-panica-la-miami","status":"publish","type":"post","link":"https:\/\/hadnews.com\/ro\/shakira-momente-de-panica-la-miami\/","title":{"rendered":"Shakira, momente de panic\u0103 la Miami"},"content":{"rendered":"\n<div>\n<p class=\"p1\"><span class=\"s1\">Shakira nu are parte de lini\u0219te nici dup\u0103 separarea de Gerard Pique. Vedeta a fost victima unei scene bizare, dup\u0103 ce un b\u0103rbat a vrut s\u0103 intre peste ea \u00een cas\u0103. Ulterior, autorit\u0103\u021bile au reu\u0219it s\u0103 \u00eel aresteze. <\/span><\/p>\n<h2 class=\"p1\"><span class=\"s1\">Shakira, speriat\u0103 dup\u0103 episodul bizar<\/span><\/h2>\n<p class=\"p1\"><span class=\"s1\">Shakira \u0219i cei doi copii, Milan \u0219i Sasha, s-au mutat la Miami, dup\u0103 separarea de Pique. Artista a ales s\u0103 locuiasc\u0103 \u00een vila spectaculoas\u0103 din America dup\u0103 ce a renun\u021bat la cea \u00een care a locuit al\u0103turi de fostul partener.<\/span><\/p>\n<p class=\"p1\"><span class=\"s1\">Chiar la \u00eenceput de an, artista a trecut printr-o sperietur\u0103 groaznic\u0103. Aceasta a fost urm\u0103rit\u0103 de un b\u0103rbat misterios care a vrut s\u0103 intre \u00een casa ei.<span class=\"Apple-converted-space\">\u00a0 <\/span>\u00centre timp, autorit\u0103\u021bile au reu\u0219it s\u0103 \u00eel <a rel=\"nofollow noopener\" target=\"_blank\" href=\"https:\/\/evz.ro\/shakira-evaziune-fiscala.html\/amp\">aresteze<\/a>\u00a0pe individ.<\/span><\/p>\n<h2 class=\"p1\"><span class=\"s1\">Urm\u0103rit\u0103 de dou\u0103 persoane diferite<\/span><\/h2>\n<p class=\"p1\"><span class=\"s1\">Nu este prima dat\u0103 c\u00e2nd celebra artist\u0103 trece printr-un astfel de episod. Dup\u0103 desp\u0103r\u021birea de Pique, Shakira a fost urm\u0103rit\u0103 de dou\u0103 persoane diferite. B\u0103rbatul arestat de poli\u021bi\u0219tii din Miami i-a urm\u0103rit traseul, ajung\u00e2nd p\u00e2n\u0103 l\u00e2ng\u0103 casa acesteia.<\/span><\/p>\n<figure id=\"attachment_4332051\" aria-describedby=\"caption-attachment-4332051\" style=\"width: 1200px\" class=\"wp-caption alignnone\"><figcaption id=\"caption-attachment-4332051\" class=\"wp-caption-text\">Shakira. Sursa foto: Arhiva EVZ<\/figcaption><\/figure>\n<p class=\"p1\"><span class=\"s1\">B\u0103rbatul arestat de autorit\u0103\u021bi se nume\u0219te Daniel John Valtier \u0219i 56 de ani. Individul a sus\u021binut \u00een fa\u021ba judec\u0103torului c\u0103 a vrut s\u0103 intre \u00een casa artistei pentru c\u0103 \u00eei este so\u021bie.<\/span><\/p>\n<p class=\"p1\"><span class=\"s1\">Ini\u021bial, pe numele acestuia a fost stabilit\u0103 cau\u021biunea de 50.000$. Dup\u0103 ce <a rel=\"nofollow noopener\" target=\"_blank\" href=\"https:\/\/evz.ro\/shakira-coplesita-de-problemel.html\/amp\">individul<\/a>\u00a0a afirmat c\u0103 este so\u021bul c\u00e2nt\u0103re\u021bei,&#8230;<\/span><\/p>\n<\/div>\n<p><i>Citeste tot articolul: <a href=\"https:\/\/evz.ro\/shakira-panica-hartuire.html\" target=\"_blank\" rel=\"noopener\">Shakira, momente de panic\u0103 la Miami<\/a><\/i><\/p>\n<p> <img src=https:\/\/media.evz.ro\/wp-content\/uploads\/2024\/01\/Shakira-1200x960.png> <\/p>\n<p><i>Articolul &#8220;Shakira, momente de panic\u0103 la Miami&#8221; al autorului  a fost publicat pe 10\/01\/2024 de <a href=\"https:\/\/evz.ro\/shakira-panica-hartuire.html\" target=\"_blank\" rel=\"noopener\">evz.ro<\/a><\/i><\/p>\n","protected":false},"excerpt":{"rendered":"<p>Shakira nu are parte de lini\u0219te nici dup\u0103 separarea de Gerard Pique. Vedeta a fost victima unei scene bizare, dup\u0103 ce un b\u0103rbat a vrut s\u0103 intre peste ea \u00een cas\u0103. Ulterior, autorit\u0103\u021bile au reu\u0219it s\u0103&#8230;<\/p>\n","protected":false},"author":58,"featured_media":18133,"comment_status":"closed","ping_status":"open","sticky":false,"template":"","format":"standard","meta":{"footnotes":""},"categories":[3594],"tags":[],"class_list":{"0":"post-18132","1":"post","2":"type-post","3":"status-publish","4":"format-standard","5":"has-post-thumbnail","7":"category-vedete"},"_links":{"self":[{"href":"https:\/\/hadnews.com\/ro\/wp-json\/wp\/v2\/posts\/18132","targetHints":{"allow":["GET"]}}],"collection":[{"href":"https:\/\/hadnews.com\/ro\/wp-json\/wp\/v2\/posts"}],"about":[{"href":"https:\/\/hadnews.com\/ro\/wp-json\/wp\/v2\/types\/post"}],"author":[{"embeddable":true,"href":"https:\/\/hadnews.com\/ro\/wp-json\/wp\/v2\/users\/58"}],"replies":[{"embeddable":true,"href":"https:\/\/hadnews.com\/ro\/wp-json\/wp\/v2\/comments?post=18132"}],"version-history":[{"count":0,"href":"https:\/\/hadnews.com\/ro\/wp-json\/wp\/v2\/posts\/18132\/revisions"}],"wp:featuredmedia":[{"embeddable":true,"href":"https:\/\/hadnews.com\/ro\/wp-json\/wp\/v2\/media\/18133"}],"wp:attachment":[{"href":"https:\/\/hadnews.com\/ro\/wp-json\/wp\/v2\/media?parent=18132"}],"wp:term":[{"taxonomy":"category","embeddable":true,"href":"https:\/\/hadnews.com\/ro\/wp-json\/wp\/v2\/categories?post=18132"},{"taxonomy":"post_tag","embeddable":true,"href":"https:\/\/hadnews.com\/ro\/wp-json\/wp\/v2\/tags?post=18132"}],"curies":[{"name":"wp","href":"https:\/\/api.w.org\/{rel}","templated":true}]}}