{"id":18234,"date":"2024-01-11T09:48:48","date_gmt":"2024-01-11T07:48:48","guid":{"rendered":"https:\/\/hadnews.com\/ro\/?p=18234"},"modified":"2024-01-11T09:48:48","modified_gmt":"2024-01-11T07:48:48","slug":"mark-zuckerberg-s-a-apucat-de-crescut-vaci","status":"publish","type":"post","link":"https:\/\/hadnews.com\/ro\/mark-zuckerberg-s-a-apucat-de-crescut-vaci\/","title":{"rendered":"Mark Zuckerberg s-a apucat de crescut vaci"},"content":{"rendered":"\n<div>\n<p>Mark Zuckerberg, seful Meta, a anun\u0163at c\u0103 s-a apucat s\u0103 creasc\u0103 vaci pe care le<a rel=\"nofollow noopener\" target=\"_blank\" href=\"https:\/\/evz.ro\/mark-zuckerberg-obiceiul-prost-dimineata-trist.html\"> hr\u0103ne\u0219te<\/a> cu f\u0103in\u0103 de macadamia \u0219i le d\u0103 s\u0103 bea bere. Mai exact, Mark Zuckerberg, care conduce imperiul Meta, a \u00eenceput s\u0103 creasc\u0103 vite wagyu \u015fi angus cu scopul de a crea cele mai bune tipuri de carne.<\/p>\n<h2>Mark Zuckerberg vrea carne de vit\u0103 de calitate superioar\u0103<\/h2>\n<p>Mark Zuckerberg, cunoscut pentru ambi\u0163ioasele sale afaceri \u015fi pentru antrenamentele intense, a dezv\u0103luit despre noua sa pasiune. \u015ei anume despre cre\u015fterea vitelor la Ko\u2019olau Ranch din Kauai. <a rel=\"nofollow noopener\" target=\"_blank\" href=\"https:\/\/evz.ro\/mark-zuckerberg-obiceiul-prost-dimineata-trist.html\">Miliardarul<\/a> vrea s\u0103 ob\u0163in\u0103 cele mai bune tipuri de carne de vit\u0103.<\/p>\n<p>\u201eAm \u00eenceput s\u0103 cresc vite la ferma Ko\u2019olau Ranch din Kauai, iar scopul meu este s\u0103 creez unele dintre cele mai bune tipuri de carne de vit\u0103 de cea mai bun\u0103 calitate din lume. <a rel=\"nofollow noopener\" target=\"_blank\" href=\"https:\/\/evz.ro\/mark-zuckerberg-obiceiul-prost-dimineata-trist.html\">Bovinele<\/a> sunt wagyu \u015fi angus \u015fi vor cre\u015fte m\u00e2nc\u00e2nd f\u0103in\u0103 de macadamia \u015fi b\u00e2nd bere pe care o cre\u015ftem \u015fi o producem aici, la ferm\u0103\u201d, a spus miliardarul.<\/p>\n<p><\/p>\n<p>Mark Zuckerberg, seful Meta, s-a apucat de crescut vaci. Sursa foto: Facebook<\/p>\n<h2>C\u00e2t m\u0103n\u00e2nc\u0103 fiecare vac\u0103 pe an<\/h2>\n<p>Mark Zuckerberg a mai anun\u0163at c\u0103 \u201edintre toate proiectele mele, acesta este cel mai delicios\u201d. Mai mult, miliardarul spune c\u0103 o vac\u0103 m\u0103n\u00e2nc\u0103 \u00eentre 5.000 \u015fi 10.000 de kilograme de hran\u0103 \u00een fiecare an. De asemenea, se mai laud\u0103 cu privire la fetele lui. \u015eeful Meta spune c\u0103 fiicele sale&#8230;<\/p>\n<\/div>\n<p><i>Citeste tot articolul: <a href=\"https:\/\/evz.ro\/mark-zuckerberg-crescut-vaci-meniu-special-faina-bere.html\" target=\"_blank\" rel=\"noopener\">Mark Zuckerberg s-a apucat de crescut vaci<\/a><\/i><\/p>\n<p> <img src=https:\/\/media.evz.ro\/wp-content\/uploads\/2019\/07\/mark-zuckerberg.jpg> <\/p>\n<p><i>Articolul &#8220;Mark Zuckerberg s-a apucat de crescut vaci&#8221; al autorului  a fost publicat pe 10\/01\/2024 de <a href=\"https:\/\/evz.ro\/mark-zuckerberg-crescut-vaci-meniu-special-faina-bere.html\" target=\"_blank\" rel=\"noopener\">evz.ro<\/a><\/i><\/p>\n","protected":false},"excerpt":{"rendered":"<p>Mark Zuckerberg, seful Meta, a anun\u0163at c\u0103 s-a apucat s\u0103 creasc\u0103 vaci pe care le hr\u0103ne\u0219te cu f\u0103in\u0103 de macadamia \u0219i le d\u0103 s\u0103 bea bere. Mai exact, Mark Zuckerberg, care conduce imperiul Meta, a \u00eenceput&#8230;<\/p>\n","protected":false},"author":58,"featured_media":18235,"comment_status":"closed","ping_status":"open","sticky":false,"template":"","format":"standard","meta":{"footnotes":""},"categories":[3594],"tags":[6171,7132],"class_list":{"0":"post-18234","1":"post","2":"type-post","3":"status-publish","4":"format-standard","5":"has-post-thumbnail","7":"category-vedete","8":"tag-facebook","9":"tag-mark-zuckerberg"},"_links":{"self":[{"href":"https:\/\/hadnews.com\/ro\/wp-json\/wp\/v2\/posts\/18234","targetHints":{"allow":["GET"]}}],"collection":[{"href":"https:\/\/hadnews.com\/ro\/wp-json\/wp\/v2\/posts"}],"about":[{"href":"https:\/\/hadnews.com\/ro\/wp-json\/wp\/v2\/types\/post"}],"author":[{"embeddable":true,"href":"https:\/\/hadnews.com\/ro\/wp-json\/wp\/v2\/users\/58"}],"replies":[{"embeddable":true,"href":"https:\/\/hadnews.com\/ro\/wp-json\/wp\/v2\/comments?post=18234"}],"version-history":[{"count":0,"href":"https:\/\/hadnews.com\/ro\/wp-json\/wp\/v2\/posts\/18234\/revisions"}],"wp:featuredmedia":[{"embeddable":true,"href":"https:\/\/hadnews.com\/ro\/wp-json\/wp\/v2\/media\/18235"}],"wp:attachment":[{"href":"https:\/\/hadnews.com\/ro\/wp-json\/wp\/v2\/media?parent=18234"}],"wp:term":[{"taxonomy":"category","embeddable":true,"href":"https:\/\/hadnews.com\/ro\/wp-json\/wp\/v2\/categories?post=18234"},{"taxonomy":"post_tag","embeddable":true,"href":"https:\/\/hadnews.com\/ro\/wp-json\/wp\/v2\/tags?post=18234"}],"curies":[{"name":"wp","href":"https:\/\/api.w.org\/{rel}","templated":true}]}}