{"id":18592,"date":"2024-01-12T10:26:32","date_gmt":"2024-01-12T08:26:32","guid":{"rendered":"https:\/\/hadnews.com\/ro\/?p=18592"},"modified":"2024-01-12T10:26:32","modified_gmt":"2024-01-12T08:26:32","slug":"din-cauza-numarului-mare-de-viroze-se-reintroduce-purtarea-mastii","status":"publish","type":"post","link":"https:\/\/hadnews.com\/ro\/din-cauza-numarului-mare-de-viroze-se-reintroduce-purtarea-mastii\/","title":{"rendered":"Din cauza num\u0103rului mare de viroze se reintroduce purtarea m\u0103\u0219tii"},"content":{"rendered":"\n<div>\n<p>Din cauza num\u0103rului mare de viroze, <a rel=\"nofollow noopener\" target=\"_blank\" title=\"C\u00e2t e normal s\u0103 dureze gripa. Factorii care o pot agrava\" href=\"https:\/\/evz.ro\/cat-e-normal-sa-dureze-gripa.html\">grip\u0103<\/a> \u0219i COVID-19, mai multe spitale din Rom\u00e2nia au reintrodus purtarea obligatorie a m\u0103\u0219tilor de protec\u021bie. \u00cen plus, unit\u0103\u021bile spitalice\u0219ti au modificat \u0219i programul de vizite al bolnavilor interna\u021bi. Fiecare pacient va avea dreptul la o singur\u0103 vizit\u0103 pe zi, iar durata vizitelor se reduce la doar 10 minute\/persoan\u0103.<\/p>\n<h3>M\u0103suri suplimentare din cauza num\u0103rului mare de viroze<\/h3>\n<p>Spitalul Jude\u021bean Satu Mare \u0219i cel din Bistri\u021ba-N\u0103s\u0103ud au anun\u021bat c\u0103 <a rel=\"nofollow noopener\" target=\"_blank\" title=\"Ministerul Educa\u021biei a decis c\u0103 orele de curs vor \u00eencepe fizic. Elevilor \u0219i profesilor li se recomand\u0103 s\u0103 poarte masca de protec\u021bie\" href=\"https:\/\/evz.ro\/ministerul-educatiei-a-decis-ca-orele-de-curs-vor-incepe-fizic-elevilor-si-profesilor-li-se-recomanda-sa-poarte-masca-de-protectie.html\">masca de protec\u021bie<\/a> este obligatorie. Mai mult pacien\u021bii interna\u021bi \u00een sec\u021biile de Boli Infec\u021bioase, Pneumologie \u0219i Pediatrie nu mai au dreptul la vizite.<\/p>\n<p>Din cauza num\u0103rului mare de viroze, grip\u0103 \u0219i COVID-19, conducerea Spitalului Jude\u021bean Satu Marea a dispus m\u0103srui drastice. Pe l\u00e2ng\u0103 reducerea timpului de vizite, pacien\u021bii, rudele acestora \u0219i cadrele medicale vor purta obligatoriu masc\u0103 de protec\u021bie.<\/p>\n<figure id=\"attachment_4295075\" aria-describedby=\"caption-attachment-4295075\" style=\"width: 2560px\" class=\"wp-caption alignnone\"><figcaption id=\"caption-attachment-4295075\" class=\"wp-caption-text\">Surs\u0103: Leisan Rakhimova | Dreamstime.com<\/figcaption><\/figure>\n<h3>M\u0103suri de protec\u021bie suplimentare<\/h3>\n<p>Toate unit\u0103\u021bile medicale din Satu Mare \u0219i-au luat m\u0103suri suplimentare pentru combaterea r\u0103sp\u00e2nd\u00e2rii cazurilor de viroze cu transmitere aerogen\u0103. Prin urmare, la nivelul unit\u0103\u021bilor medicale s-au dispus aplicarea urm\u0103toarelor reguli:<\/p>\n<ul>\n<li>purtarea m\u0103\u0219tii de protec\u021bie de c\u0103tre&#8230;<\/li>\n<\/ul>\n<\/div>\n<p><i>Citeste tot articolul: <a href=\"https:\/\/evz.ro\/viroze-infectii-respiratorii-covid-spitale-introduc-masca-de-protectie.html\" target=\"_blank\" rel=\"noopener\">Din cauza num\u0103rului mare de viroze se reintroduce purtarea m\u0103\u0219tii<\/a><\/i><\/p>\n<p> <img src=https:\/\/media.evz.ro\/wp-content\/uploads\/2021\/12\/pandemie.jpg> <\/p>\n<p><i>Articolul &#8220;Din cauza num\u0103rului mare de viroze se reintroduce purtarea m\u0103\u0219tii&#8221; al autorului  a fost publicat pe 11\/01\/2024 de <a href=\"https:\/\/evz.ro\/viroze-infectii-respiratorii-covid-spitale-introduc-masca-de-protectie.html\" target=\"_blank\" rel=\"noopener\">evz.ro<\/a><\/i><\/p>\n","protected":false},"excerpt":{"rendered":"<p>Din cauza num\u0103rului mare de viroze, grip\u0103 \u0219i COVID-19, mai multe spitale din Rom\u00e2nia au reintrodus purtarea obligatorie a m\u0103\u0219tilor de protec\u021bie. \u00cen plus, unit\u0103\u021bile spitalice\u0219ti au modificat \u0219i programul de vizite al bolnavilor interna\u021bi. Fiecare&#8230;<\/p>\n","protected":false},"author":58,"featured_media":18593,"comment_status":"closed","ping_status":"open","sticky":false,"template":"","format":"standard","meta":{"footnotes":""},"categories":[1],"tags":[4123],"class_list":{"0":"post-18592","1":"post","2":"type-post","3":"status-publish","4":"format-standard","5":"has-post-thumbnail","7":"category-societate","8":"tag-gripa"},"_links":{"self":[{"href":"https:\/\/hadnews.com\/ro\/wp-json\/wp\/v2\/posts\/18592","targetHints":{"allow":["GET"]}}],"collection":[{"href":"https:\/\/hadnews.com\/ro\/wp-json\/wp\/v2\/posts"}],"about":[{"href":"https:\/\/hadnews.com\/ro\/wp-json\/wp\/v2\/types\/post"}],"author":[{"embeddable":true,"href":"https:\/\/hadnews.com\/ro\/wp-json\/wp\/v2\/users\/58"}],"replies":[{"embeddable":true,"href":"https:\/\/hadnews.com\/ro\/wp-json\/wp\/v2\/comments?post=18592"}],"version-history":[{"count":0,"href":"https:\/\/hadnews.com\/ro\/wp-json\/wp\/v2\/posts\/18592\/revisions"}],"wp:featuredmedia":[{"embeddable":true,"href":"https:\/\/hadnews.com\/ro\/wp-json\/wp\/v2\/media\/18593"}],"wp:attachment":[{"href":"https:\/\/hadnews.com\/ro\/wp-json\/wp\/v2\/media?parent=18592"}],"wp:term":[{"taxonomy":"category","embeddable":true,"href":"https:\/\/hadnews.com\/ro\/wp-json\/wp\/v2\/categories?post=18592"},{"taxonomy":"post_tag","embeddable":true,"href":"https:\/\/hadnews.com\/ro\/wp-json\/wp\/v2\/tags?post=18592"}],"curies":[{"name":"wp","href":"https:\/\/api.w.org\/{rel}","templated":true}]}}