{"id":18745,"date":"2024-01-12T17:21:33","date_gmt":"2024-01-12T15:21:33","guid":{"rendered":"https:\/\/hadnews.com\/ro\/?p=18745"},"modified":"2024-01-12T17:21:33","modified_gmt":"2024-01-12T15:21:33","slug":"casatoria-gay-pata-neagra-a-bisericii-catolice","status":"publish","type":"post","link":"https:\/\/hadnews.com\/ro\/casatoria-gay-pata-neagra-a-bisericii-catolice\/","title":{"rendered":"C\u0103s\u0103toria gay, pata neagr\u0103 a Bisericii Catolice"},"content":{"rendered":"\n<div>\n<p class=\"p2\"><span class=\"s1\">La finalul anului trecut, Papa Francisc i-a \u00eendemnat pe preo\u021bi s\u0103 dea binecuv\u00e2ntarea persoanelor de acela\u0219i sex. Decizia suveranului<span class=\"Apple-converted-space\">\u00a0 <\/span>de a accepta c\u0103s\u0103toria gay ca pe o normalitate a bisericii catolice nu este tolerat\u0103 de mul\u021bi apartenen\u021bi ai acestei credin\u021be. Episcopii africani fac front comun \u0219i se opun acestei m\u0103suri.<\/span><\/p>\n<h2 class=\"p2\"><span class=\"s1\">C\u0103s\u0103toria gay promovat\u0103 de Papa, neacceptat\u0103 de episcopii catolici africani<\/span><\/h2>\n<p class=\"p2\"><span class=\"s1\">La finalul anului trecut, Papa Francisc \u0219i-a motivat gestul, men\u021bion\u00e2nd c\u0103 \u201eoamenii care caut\u0103 dragostea \u0219i mila lui Dumnezeu nu ar trebui s\u0103 fac\u0103 obiectul unei analize morale exhaustive pentru a-l primi\u201d.<\/span><\/p>\n<p class=\"p2\"><span class=\"s1\">O astfel de directiv\u0103 controversat\u0103 nu este acceptat\u0103 nici de episcopii Africii. Ace\u0219tia au emis o declara\u021bie unitar\u0103 prin prisma c\u0103ruia au transmis c\u0103 nu va exista \u201enicio binecuv\u00e2ntare pentru cuplurile homosexuale \u00een bisericile africane\u201d.<\/span><\/p>\n<figure id=\"attachment_4316319\" aria-describedby=\"caption-attachment-4316319\" style=\"width: 2121px\" class=\"wp-caption alignnone\"><figcaption id=\"caption-attachment-4316319\" class=\"wp-caption-text\">Comunitatea LGBTQ Sursa foto: Dreamstime.com<\/figcaption><\/figure>\n<h2 class=\"p1\"><span class=\"s1\">Motivul invocat de episcopii care refuz\u0103 s\u0103 oficieze astfel de cununii<\/span><\/h2>\n<p class=\"p1\"><span class=\"s1\">Scrisoarea a fost emis\u0103 pe 11 ianuarie \u0219i a fost semnat\u0103 de cardinalul Fridolin Ambongo. De altfel, acesta ocup\u0103 func\u021bia de pre\u0219edinte a Simpozionului Conferin\u021belor Episcopale din Africa \u0219i Madagascar. Acesta a precizat c\u0103 scrisoarea este o sintez\u0103 a tuturor opiniilor&#8230;<\/span><\/p>\n<\/div>\n<p><i>Citeste tot articolul: <a href=\"https:\/\/evz.ro\/casatoria-gay-mesaj-papa-francisc.html\" target=\"_blank\" rel=\"noopener\">C\u0103s\u0103toria gay, pata neagr\u0103 a Bisericii Catolice<\/a><\/i><\/p>\n<p> <img src=https:\/\/media.evz.ro\/wp-content\/uploads\/2023\/10\/Papa_Francisc.jpg> <\/p>\n<p><i>Articolul &#8220;C\u0103s\u0103toria gay, pata neagr\u0103 a Bisericii Catolice&#8221; al autorului  a fost publicat pe 12\/01\/2024 de <a href=\"https:\/\/evz.ro\/casatoria-gay-mesaj-papa-francisc.html\" target=\"_blank\" rel=\"noopener\">evz.ro<\/a><\/i><\/p>\n","protected":false},"excerpt":{"rendered":"<p>La finalul anului trecut, Papa Francisc i-a \u00eendemnat pe preo\u021bi s\u0103 dea binecuv\u00e2ntarea persoanelor de acela\u0219i sex. Decizia suveranului\u00a0 de a accepta c\u0103s\u0103toria gay ca pe o normalitate a bisericii catolice nu este tolerat\u0103 de mul\u021bi&#8230;<\/p>\n","protected":false},"author":58,"featured_media":18746,"comment_status":"closed","ping_status":"open","sticky":false,"template":"","format":"standard","meta":{"footnotes":""},"categories":[2450],"tags":[7579],"class_list":{"0":"post-18745","1":"post","2":"type-post","3":"status-publish","4":"format-standard","5":"has-post-thumbnail","7":"category-externe","8":"tag-papa-francisc"},"_links":{"self":[{"href":"https:\/\/hadnews.com\/ro\/wp-json\/wp\/v2\/posts\/18745","targetHints":{"allow":["GET"]}}],"collection":[{"href":"https:\/\/hadnews.com\/ro\/wp-json\/wp\/v2\/posts"}],"about":[{"href":"https:\/\/hadnews.com\/ro\/wp-json\/wp\/v2\/types\/post"}],"author":[{"embeddable":true,"href":"https:\/\/hadnews.com\/ro\/wp-json\/wp\/v2\/users\/58"}],"replies":[{"embeddable":true,"href":"https:\/\/hadnews.com\/ro\/wp-json\/wp\/v2\/comments?post=18745"}],"version-history":[{"count":0,"href":"https:\/\/hadnews.com\/ro\/wp-json\/wp\/v2\/posts\/18745\/revisions"}],"wp:featuredmedia":[{"embeddable":true,"href":"https:\/\/hadnews.com\/ro\/wp-json\/wp\/v2\/media\/18746"}],"wp:attachment":[{"href":"https:\/\/hadnews.com\/ro\/wp-json\/wp\/v2\/media?parent=18745"}],"wp:term":[{"taxonomy":"category","embeddable":true,"href":"https:\/\/hadnews.com\/ro\/wp-json\/wp\/v2\/categories?post=18745"},{"taxonomy":"post_tag","embeddable":true,"href":"https:\/\/hadnews.com\/ro\/wp-json\/wp\/v2\/tags?post=18745"}],"curies":[{"name":"wp","href":"https:\/\/api.w.org\/{rel}","templated":true}]}}