{"id":18772,"date":"2024-01-12T17:21:32","date_gmt":"2024-01-12T15:21:32","guid":{"rendered":"https:\/\/hadnews.com\/ro\/?p=18772"},"modified":"2024-01-12T17:21:32","modified_gmt":"2024-01-12T15:21:32","slug":"frunza-de-coca-motiv-de-protest-in-bolivia","status":"publish","type":"post","link":"https:\/\/hadnews.com\/ro\/frunza-de-coca-motiv-de-protest-in-bolivia\/","title":{"rendered":"Frunza de coca, motiv de protest \u00een Bolivia"},"content":{"rendered":"\n<div>\n<p class=\"p1\"><span class=\"s1\">Frunza de coca era folosit\u0103 de bolivieni pentru propriet\u0103\u021bile ei medicinale. Din 1961, aceasta a fost clasificat\u0103 drept substan\u0163\u0103 interzis\u0103, av\u00e2nd \u00een vedere c\u0103 st\u0103 la baza producerii unuia dintre cele mai puternice droguri, cocaina. Bolivienii au ie\u0219it \u00een strad\u0103 pentru a cere scoaterea acesteia din categoria narcoticelor.<\/span><\/p>\n<h2 class=\"p1\"><span class=\"s1\">Frunza de coca, motiv de protest \u00een Bolivia<\/span><\/h2>\n<p class=\"p1\"><span class=\"s1\">Bolivienii au manifestat pe str\u0103zile<span class=\"Apple-converted-space\">\u00a0 <\/span>capitalei La Paz, av\u00e2ndu-l \u00een frunte pe pre\u015fedintele Luis Arce. Spre surprinderea tuturor, \u0219eful statului a mestecat frunza de coca, \u00een mijlocul mul\u021bimii. Pre\u0219edintele era \u00eenconjurat \u0219i de cultivatorii acestei plante.<\/span><\/p>\n<p class=\"p1\"><span class=\"s1\">Pe l\u00e2ng\u0103 gestul controversat, Arce a f\u0103cut \u0219i o serie de promisiuni importante pentru bolivieni.<\/span><\/p>\n<figure id=\"attachment_4450272\" aria-describedby=\"caption-attachment-4450272\" style=\"width: 2560px\" class=\"wp-caption alignnone\"><figcaption id=\"caption-attachment-4450272\" class=\"wp-caption-text\">Frunza de coca. Sursa foto: Dreamstime.com<\/figcaption><\/figure>\n<p class=\"p1\"><span class=\"s1\">\u201e<\/span><span class=\"s2\">Este o prioritate na\u0163ional\u0103. Am lansat o campanie pentru a declasifica frunza de coca drept narcotic\u201d<\/span><span class=\"s1\">, a spus Luis Arce.<\/span><\/p>\n<h2 class=\"p1\"><span class=\"s1\">Cum va fi folosit\u0103 planta<\/span><\/h2>\n<p class=\"p1\"><span class=\"s1\">\u0218eful statului a dat asigur\u0103ri c\u0103 frunza de coca va putea fi folosit\u0103 \u00een medicin\u0103, dar \u0219i \u00een industria alimentar\u0103. <a rel=\"nofollow noopener\" target=\"_blank\" href=\"https:\/\/evz.ro\/cocaina-descoperita-in-rusia-confiscata-autoritati.html\/amp\">Planta<\/a>\u00a0care st\u0103 la baza producerii cocainei va putea fi ad\u0103ugat\u0103 \u00een lichiorurile, pr\u0103jiturile, guma de mestecat sau s\u0103punurile care ajung pe pia\u021b\u0103.<\/span><\/p>\n<p class=\"p1\"><span class=\"s1\">Bolivienii cred cu t\u0103rie c\u0103 seva provenit\u0103 de la aceast\u0103&#8230;<\/span><\/p>\n<\/div>\n<p><i>Citeste tot articolul: <a href=\"https:\/\/evz.ro\/frunza-de-coca-bolivia-narcotic.html\" target=\"_blank\" rel=\"noopener\">Frunza de coca, motiv de protest \u00een Bolivia<\/a><\/i><\/p>\n<p> <img src=https:\/\/media.evz.ro\/wp-content\/uploads\/2024\/01\/Frunza-de-coca-scaled.jpg> <\/p>\n<p><i>Articolul &#8220;Frunza de coca, motiv de protest \u00een Bolivia&#8221; al autorului  a fost publicat pe 12\/01\/2024 de <a href=\"https:\/\/evz.ro\/frunza-de-coca-bolivia-narcotic.html\" target=\"_blank\" rel=\"noopener\">evz.ro<\/a><\/i><\/p>\n","protected":false},"excerpt":{"rendered":"<p>Frunza de coca era folosit\u0103 de bolivieni pentru propriet\u0103\u021bile ei medicinale. Din 1961, aceasta a fost clasificat\u0103 drept substan\u0163\u0103 interzis\u0103, av\u00e2nd \u00een vedere c\u0103 st\u0103 la baza producerii unuia dintre cele mai puternice droguri, cocaina. Bolivienii&#8230;<\/p>\n","protected":false},"author":58,"featured_media":18773,"comment_status":"closed","ping_status":"open","sticky":false,"template":"","format":"standard","meta":{"footnotes":""},"categories":[2450],"tags":[5596,5389,7579],"class_list":{"0":"post-18772","1":"post","2":"type-post","3":"status-publish","4":"format-standard","5":"has-post-thumbnail","7":"category-externe","8":"tag-ceai","9":"tag-droguri","10":"tag-papa-francisc"},"_links":{"self":[{"href":"https:\/\/hadnews.com\/ro\/wp-json\/wp\/v2\/posts\/18772","targetHints":{"allow":["GET"]}}],"collection":[{"href":"https:\/\/hadnews.com\/ro\/wp-json\/wp\/v2\/posts"}],"about":[{"href":"https:\/\/hadnews.com\/ro\/wp-json\/wp\/v2\/types\/post"}],"author":[{"embeddable":true,"href":"https:\/\/hadnews.com\/ro\/wp-json\/wp\/v2\/users\/58"}],"replies":[{"embeddable":true,"href":"https:\/\/hadnews.com\/ro\/wp-json\/wp\/v2\/comments?post=18772"}],"version-history":[{"count":0,"href":"https:\/\/hadnews.com\/ro\/wp-json\/wp\/v2\/posts\/18772\/revisions"}],"wp:featuredmedia":[{"embeddable":true,"href":"https:\/\/hadnews.com\/ro\/wp-json\/wp\/v2\/media\/18773"}],"wp:attachment":[{"href":"https:\/\/hadnews.com\/ro\/wp-json\/wp\/v2\/media?parent=18772"}],"wp:term":[{"taxonomy":"category","embeddable":true,"href":"https:\/\/hadnews.com\/ro\/wp-json\/wp\/v2\/categories?post=18772"},{"taxonomy":"post_tag","embeddable":true,"href":"https:\/\/hadnews.com\/ro\/wp-json\/wp\/v2\/tags?post=18772"}],"curies":[{"name":"wp","href":"https:\/\/api.w.org\/{rel}","templated":true}]}}