{"id":19112,"date":"2024-01-13T20:21:12","date_gmt":"2024-01-13T18:21:12","guid":{"rendered":"https:\/\/hadnews.com\/ro\/?p=19112"},"modified":"2024-01-13T20:21:12","modified_gmt":"2024-01-13T18:21:12","slug":"stirile-intermedia-12-ianuarie-2024","status":"publish","type":"post","link":"https:\/\/hadnews.com\/ro\/stirile-intermedia-12-ianuarie-2024\/","title":{"rendered":"\u0218tirile Intermedia &#8211; 12 Ianuarie 2024"},"content":{"rendered":"<p>C\u0103t\u0103lina Biholar v\u0103 prezint\u0103 \u0218tirile Intermedia.<br \/>\nIat\u0103 \u0219i c\u00e2teva dintre subiectele zilei: traficul rutier \u00eengreunat pe \u0219oseaua de centur\u0103 a municipiului Suceava de fermierii care au ie\u0219it cu utilajele agricole \u00een strad\u0103, \u00een semn de protest. Prim-vicepre\u0219edintele PNL, Gheorghe Flutur, a abordat cu pruden\u021b\u0103 ipoteza ca pre\u0219edintele Klaus Iohannis s\u0103 preia interimar conducerea Consiliului European, iar rugbistul sucevean Alin Conache a decis s\u0103 fac\u0103 o schimbare \u00een cariera sa.<br \/>\nDetalii despre acestea \u0219i alte subiecte, \u00een \u0219tirile pe larg.<\/p>\n<p>Televiziunea Intermedia Suceava:<\/p>\n<p>Site &#8211; http:\/\/intermediatv.ro<br \/>\nFacebook &#8211; http:\/\/facebook.com\/TeleviziuneaIntermedia<br \/>\nYouTube &#8211; http:\/\/www.youtube.com\/TeleviziuneaIntermedia<br \/>\n<\/p>\n<div class=\"video-container\">\n  <iframe width='910' height='510' class=\"video\" src=\"https:\/\/www.youtube.com\/embed\/6R_QeqrXyIY\" allowfullscreen><\/iframe>\n<\/div>\n<p><i>Video &#8220;\u0218tirile Intermedia &#8211; 12 Ianuarie 2024\u201d a fost \u00eenc\u0103rcat pe 12\/01\/2024 pe canalul YouTube <a href=\"https:\/\/www.youtube.com\/channel\/UCc7PKF8z-xIsjU99-UIDkHg\" target=\"_blank\" rel=\"noopener\"> Televiziunea Intermedia <\/a><\/i><\/p>\n","protected":false},"excerpt":{"rendered":"<p>C\u0103t\u0103lina Biholar v\u0103 prezint\u0103 \u0218tirile Intermedia. Iat\u0103 \u0219i c\u00e2teva dintre subiectele zilei: traficul rutier \u00eengreunat pe \u0219oseaua de centur\u0103 a municipiului Suceava de fermierii care au ie\u0219it cu utilajele agricole \u00een strad\u0103, \u00een semn de protest&#8230;.<\/p>\n","protected":false},"author":63,"featured_media":19113,"comment_status":"closed","ping_status":"open","sticky":false,"template":"","format":"standard","meta":{"footnotes":""},"categories":[8158,3200],"tags":[8168,8167,8166],"class_list":{"0":"post-19112","1":"post","2":"type-post","3":"status-publish","4":"format-standard","5":"has-post-thumbnail","7":"category-stiri","8":"category-video","9":"tag-intermedia","10":"tag-televiziunea-intermedia","11":"tag-televiziunea-intermedia-suceava"},"_links":{"self":[{"href":"https:\/\/hadnews.com\/ro\/wp-json\/wp\/v2\/posts\/19112","targetHints":{"allow":["GET"]}}],"collection":[{"href":"https:\/\/hadnews.com\/ro\/wp-json\/wp\/v2\/posts"}],"about":[{"href":"https:\/\/hadnews.com\/ro\/wp-json\/wp\/v2\/types\/post"}],"author":[{"embeddable":true,"href":"https:\/\/hadnews.com\/ro\/wp-json\/wp\/v2\/users\/63"}],"replies":[{"embeddable":true,"href":"https:\/\/hadnews.com\/ro\/wp-json\/wp\/v2\/comments?post=19112"}],"version-history":[{"count":0,"href":"https:\/\/hadnews.com\/ro\/wp-json\/wp\/v2\/posts\/19112\/revisions"}],"wp:featuredmedia":[{"embeddable":true,"href":"https:\/\/hadnews.com\/ro\/wp-json\/wp\/v2\/media\/19113"}],"wp:attachment":[{"href":"https:\/\/hadnews.com\/ro\/wp-json\/wp\/v2\/media?parent=19112"}],"wp:term":[{"taxonomy":"category","embeddable":true,"href":"https:\/\/hadnews.com\/ro\/wp-json\/wp\/v2\/categories?post=19112"},{"taxonomy":"post_tag","embeddable":true,"href":"https:\/\/hadnews.com\/ro\/wp-json\/wp\/v2\/tags?post=19112"}],"curies":[{"name":"wp","href":"https:\/\/api.w.org\/{rel}","templated":true}]}}