{"id":19120,"date":"2024-01-13T20:21:13","date_gmt":"2024-01-13T18:21:13","guid":{"rendered":"https:\/\/hadnews.com\/ro\/?p=19120"},"modified":"2024-01-13T20:21:13","modified_gmt":"2024-01-13T18:21:13","slug":"programul-masa-calda-in-scoli-a-devenit-masa-sanatoasa","status":"publish","type":"post","link":"https:\/\/hadnews.com\/ro\/programul-masa-calda-in-scoli-a-devenit-masa-sanatoasa\/","title":{"rendered":"Programul &#8220;Masa cald\u0103 \u00een \u0219coli&#8221; a devenit &#8220;Mas\u0103 s\u0103n\u0103toas\u0103&#8221;"},"content":{"rendered":"<p>De la \u00eenceputul anului 2024, programul &#8220;Masa cald\u0103 \u00een \u0219coli&#8221; a devenit &#8220;Mas\u0103 s\u0103n\u0103toas\u0103&#8221;. Conform documentelor oficiale, num\u0103rul de \u0219coli care ar trebui s\u0103 beneficieze de program \u00een 2024 este de 1000, mai mult dec\u00e2t dublu fa\u021b\u0103 de 2023, c\u00e2nd au fost 450 de \u0219coli beneficiare. Institutul Na\u021bional de S\u0103n\u0103tate Public\u0103 a formulat \u0219i c\u00e2teva sugestii de meniu care s\u0103 se \u00eencadreze \u00een principiile mesei s\u0103n\u0103toase, \u00eentre care ciorb\u0103 de v\u0103cu\u021b\u0103 cu legume, sufleu de broccoli cu br\u00e2nz\u0103 sau anumite re\u021bete de sandvi\u0219 \u0219i fructe proaspete.<\/p>\n<p>Televiziunea Intermedia Suceava:<\/p>\n<p>Site &#8211; http:\/\/intermediatv.ro<br \/>\nFacebook &#8211; http:\/\/facebook.com\/TeleviziuneaIntermedia<br \/>\nYouTube &#8211; http:\/\/www.youtube.com\/TeleviziuneaIntermedia<br \/>\n<\/p>\n<div class=\"video-container\">\n  <iframe width='910' height='510' class=\"video\" src=\"https:\/\/www.youtube.com\/embed\/jUxqWZ3qKiU\" allowfullscreen><\/iframe>\n<\/div>\n<p><i>Video &#8220;Programul &#8220;Masa cald\u0103 \u00een \u0219coli&#8221; a devenit &#8220;Mas\u0103 s\u0103n\u0103toas\u0103&#8221;\u201d a fost \u00eenc\u0103rcat pe 12\/01\/2024 pe canalul YouTube <a href=\"https:\/\/www.youtube.com\/channel\/UCc7PKF8z-xIsjU99-UIDkHg\" target=\"_blank\" rel=\"noopener\"> Televiziunea Intermedia <\/a><\/i><\/p>\n","protected":false},"excerpt":{"rendered":"<p>De la \u00eenceputul anului 2024, programul &#8220;Masa cald\u0103 \u00een \u0219coli&#8221; a devenit &#8220;Mas\u0103 s\u0103n\u0103toas\u0103&#8221;. Conform documentelor oficiale, num\u0103rul de \u0219coli care ar trebui s\u0103 beneficieze de program \u00een 2024 este de 1000, mai mult dec\u00e2t dublu&#8230;<\/p>\n","protected":false},"author":63,"featured_media":19121,"comment_status":"closed","ping_status":"open","sticky":false,"template":"","format":"standard","meta":{"footnotes":""},"categories":[8158,3200],"tags":[8168,8167,8166],"class_list":{"0":"post-19120","1":"post","2":"type-post","3":"status-publish","4":"format-standard","5":"has-post-thumbnail","7":"category-stiri","8":"category-video","9":"tag-intermedia","10":"tag-televiziunea-intermedia","11":"tag-televiziunea-intermedia-suceava"},"_links":{"self":[{"href":"https:\/\/hadnews.com\/ro\/wp-json\/wp\/v2\/posts\/19120","targetHints":{"allow":["GET"]}}],"collection":[{"href":"https:\/\/hadnews.com\/ro\/wp-json\/wp\/v2\/posts"}],"about":[{"href":"https:\/\/hadnews.com\/ro\/wp-json\/wp\/v2\/types\/post"}],"author":[{"embeddable":true,"href":"https:\/\/hadnews.com\/ro\/wp-json\/wp\/v2\/users\/63"}],"replies":[{"embeddable":true,"href":"https:\/\/hadnews.com\/ro\/wp-json\/wp\/v2\/comments?post=19120"}],"version-history":[{"count":0,"href":"https:\/\/hadnews.com\/ro\/wp-json\/wp\/v2\/posts\/19120\/revisions"}],"wp:featuredmedia":[{"embeddable":true,"href":"https:\/\/hadnews.com\/ro\/wp-json\/wp\/v2\/media\/19121"}],"wp:attachment":[{"href":"https:\/\/hadnews.com\/ro\/wp-json\/wp\/v2\/media?parent=19120"}],"wp:term":[{"taxonomy":"category","embeddable":true,"href":"https:\/\/hadnews.com\/ro\/wp-json\/wp\/v2\/categories?post=19120"},{"taxonomy":"post_tag","embeddable":true,"href":"https:\/\/hadnews.com\/ro\/wp-json\/wp\/v2\/tags?post=19120"}],"curies":[{"name":"wp","href":"https:\/\/api.w.org\/{rel}","templated":true}]}}