{"id":19795,"date":"2024-01-16T12:08:13","date_gmt":"2024-01-16T10:08:13","guid":{"rendered":"https:\/\/hadnews.com\/ro\/?p=19795"},"modified":"2024-01-20T10:39:07","modified_gmt":"2024-01-20T08:39:07","slug":"austria-incurajeaza-reparatia-echipamentelor-electronice-vechi","status":"publish","type":"post","link":"https:\/\/hadnews.com\/ro\/austria-incurajeaza-reparatia-echipamentelor-electronice-vechi\/","title":{"rendered":"Austria \u00eencurajeaz\u0103 repara\u021bia echipamentelor electronice vechi"},"content":{"rendered":"\n<div>\n<ul>\n<li><strong>Guvernul austriac \u00eencurajeaz\u0103 repara\u021bia echipamentelor electronice vechi.<\/strong><\/li>\n<li><strong>Austria d\u0103 200\u20ac tuturor celor care aleg s\u0103 repare un dispozitiv \u00een loc s\u0103-l arunce.<\/strong><\/li>\n<li><strong>Scopul ini\u021biativei este reducerea cererii de produse noi pe pia\u021b\u0103.<\/strong><\/li>\n<li><strong>M\u0103sura e \u00een concordan\u021b\u0103 cu noile dispozi\u021bii de la C.E care \u00eencurajeaz\u0103 o economie circular\u0103.<\/strong><\/li>\n<\/ul>\n<p>Guvernul austriac \u00eencurajeaz\u0103 repara\u021bia echipamentelor electrice \u0219i <a rel=\"nofollow noopener\" target=\"_blank\" href=\"https:\/\/alephnews.ro\/tehnologie\/microsoft-face-bateria-viitorului-impreuna-cu-a-i\/\">electronice.<\/a> Ofer\u0103 chiar p\u00e2n\u0103 la 200 de euro fiec\u0103rei persoane pentru a trimite \u00een service dispozitive care nu mai func\u021bioneaz\u0103, \u00een loc s\u0103 le arunce \u0219i s\u0103 cumpere unele noi.<\/p>\n<p>Scopul final fiind chiar acesta, reducerea cererii de produse noi. M\u0103sura luat\u0103 de <a rel=\"nofollow noopener\" target=\"_blank\" href=\"https:\/\/alephnews.ro\/guvern\/vom-avea-ofiteri-austrieci-in-romania-odata-cu-intrarea-in-schengen-cum-se-va-desfasura-controlul-pe-aeroportul-otopeni\/\">Austria<\/a> este \u00een direct\u0103 concordan\u021b\u0103 cu noile dispozi\u021bii ale Comisiei Europene, care \u00eencurajeaz\u0103 astfel trecerea de la o economie de consum la o economie circular\u0103.<\/p>\n<p><em>,,De\u0219eurile de echipamente electrice \u0219i electronice au crescut \u00een Rom\u00e2nia ca volum de aproximativ \u0219ase ori din anul 2007, c\u00e2nd s-a implementat prima directiv\u0103 \u0219i p\u00e2n\u0103 ast\u0103zi. Volumul acestor de\u0219euri va continua s\u0103 creasc\u0103 \u0219i acesta este motivul pentru care trebuie s\u0103 c\u0103ut\u0103m solu\u021bii s\u0103 reducem acest volum de de\u0219euri. Cea mai simpl\u0103 \u0219i la \u00eendem\u00e2n\u0103 ac\u021biune pentru a reduce acest volum este s\u0103 \u00eencerc\u0103m s\u0103 repar\u0103m produsele care nu mai \u00ee\u0219i \u00eendeplinesc func\u021biile pentru care au fost construite. De multe ori aceast\u0103 activitate de repara\u021bie nu este rentabil\u0103 din punct de vedere economic \u0219i atunci este necesar ca&#8230;<\/em><\/p>\n<\/div>\n<p><i>Citeste tot articolul: <a href=\"https:\/\/alephnews.ro\/business\/austria-incurajeaza-reparatia-echipamentelor-electronice-vechi-scopul-initiativei-este-reducerea-cererii-de-produse-noi-pe-piata\/\" target=\"_blank\" rel=\"noopener\">Austria \u00eencurajeaz\u0103 repara\u021bia echipamentelor electronice vechi<\/a><\/i><\/p>\n<p> <img src=https:\/\/media.alephnews.ro\/2024\/01\/e-waste-electronic-computer-circuit-cpu-chip-mainboard-core-processor-electronics-device-.jpg> <\/p>\n<p><i>Articolul &#8220;Austria \u00eencurajeaz\u0103 repara\u021bia echipamentelor electronice vechi&#8221; al autorului Cosma Adela a fost publicat pe 15\/01\/2024 de <a href=\"https:\/\/alephnews.ro\/business\/austria-incurajeaza-reparatia-echipamentelor-electronice-vechi-scopul-initiativei-este-reducerea-cererii-de-produse-noi-pe-piata\/\" target=\"_blank\" rel=\"noopener\">alephnews.ro<\/a><\/i><\/p>\n","protected":false},"excerpt":{"rendered":"<p>Guvernul austriac \u00eencurajeaz\u0103 repara\u021bia echipamentelor electronice vechi.Austria d\u0103 200\u20ac tuturor celor care aleg s\u0103 repare un dispozitiv \u00een loc s\u0103-l arunce.Scopul ini\u021biativei este reducerea cererii de produse noi pe pia\u021b\u0103.M\u0103sura e \u00een concordan\u021b\u0103 cu noile&#8230;<\/p>\n","protected":false},"author":54,"featured_media":19796,"comment_status":"closed","ping_status":"open","sticky":false,"template":"","format":"standard","meta":{"footnotes":""},"categories":[3049],"tags":[5303],"class_list":{"0":"post-19795","1":"post","2":"type-post","3":"status-publish","4":"format-standard","5":"has-post-thumbnail","7":"category-business","8":"tag-austria"},"_links":{"self":[{"href":"https:\/\/hadnews.com\/ro\/wp-json\/wp\/v2\/posts\/19795","targetHints":{"allow":["GET"]}}],"collection":[{"href":"https:\/\/hadnews.com\/ro\/wp-json\/wp\/v2\/posts"}],"about":[{"href":"https:\/\/hadnews.com\/ro\/wp-json\/wp\/v2\/types\/post"}],"author":[{"embeddable":true,"href":"https:\/\/hadnews.com\/ro\/wp-json\/wp\/v2\/users\/54"}],"replies":[{"embeddable":true,"href":"https:\/\/hadnews.com\/ro\/wp-json\/wp\/v2\/comments?post=19795"}],"version-history":[{"count":0,"href":"https:\/\/hadnews.com\/ro\/wp-json\/wp\/v2\/posts\/19795\/revisions"}],"wp:featuredmedia":[{"embeddable":true,"href":"https:\/\/hadnews.com\/ro\/wp-json\/wp\/v2\/media\/19796"}],"wp:attachment":[{"href":"https:\/\/hadnews.com\/ro\/wp-json\/wp\/v2\/media?parent=19795"}],"wp:term":[{"taxonomy":"category","embeddable":true,"href":"https:\/\/hadnews.com\/ro\/wp-json\/wp\/v2\/categories?post=19795"},{"taxonomy":"post_tag","embeddable":true,"href":"https:\/\/hadnews.com\/ro\/wp-json\/wp\/v2\/tags?post=19795"}],"curies":[{"name":"wp","href":"https:\/\/api.w.org\/{rel}","templated":true}]}}