{"id":20417,"date":"2024-01-17T17:48:34","date_gmt":"2024-01-17T15:48:34","guid":{"rendered":"https:\/\/hadnews.com\/ro\/?p=20417"},"modified":"2024-01-20T10:39:05","modified_gmt":"2024-01-20T08:39:05","slug":"rabla-pentru-sobe-2024-cine-va-beneficia-de-finantare","status":"publish","type":"post","link":"https:\/\/hadnews.com\/ro\/rabla-pentru-sobe-2024-cine-va-beneficia-de-finantare\/","title":{"rendered":"Rabla pentru sobe 2024. Cine va beneficia de finan\u021bare"},"content":{"rendered":"\n<div>\n<p>Guvernul se preg\u0103te\u0219te s\u0103 lanseze \u0219i programul \u201eRabla pentru sobe 2024\u201d \u0219i a prezentat bugetul pentru programele Administra\u021biei Fondului pentru Mediu (AFM). Ministrul Mediului, <a rel=\"nofollow noopener\" target=\"_blank\" href=\"https:\/\/evz.ro\/mircea-fechet-proprietarii-terenuri-20.html\">Mircea Fechet<\/a>, a anun\u021bat c\u0103 finan\u0163area se acord\u0103 pentru dispozitivele cu randament de minimum 80% \u015fi emisii mici de poluan\u0163i.<\/p>\n<h2>Se lanseaz\u0103 \u201eRabla pentru sobe\u201d<\/h2>\n<p>\u201ePentru prima oar\u0103, lans\u0103m \u00een consultare public\u0103 un program de <a rel=\"nofollow noopener\" target=\"_blank\" href=\"https:\/\/evz.ro\/programul-de-finantare-nerambursabila-pentru-romanii-din-diaspora-continua-tot-ce-trebuie-sa-stii-despre-proiect.html\">finan\u0163are<\/a> care \u00ee\u015fi propune s\u0103 \u00eenlocuiasc\u0103 sobele vechi, cele cu randament ineficient, a\u015fa cum am spus mai devreme, cu unele noi, pentru c\u0103 exist\u0103 tehnologii care pot s\u0103 creasc\u0103 acest randament la peste 80%. A\u015ftept\u0103m cu mare interes contribu\u0163ia comercian\u0163ilor, a instalatorilor de astfel de echipamente, prim\u0103riilor din \u0163ar\u0103 \u015fi a oric\u0103rui specialist p\u00e2n\u0103 la urm\u0103 care ne poate da un feedback.<\/p>\n<p>Ne dorim ca acest program s\u0103 reduc\u0103 cheltuielile rom\u00e2nilor cu \u00eenc\u0103lzirea, la fel cum ne dorim \u00een mod suplimentar s\u0103 avem \u015fi un aer mai curat. Programul este unul pilot, \u0163in s\u0103 precizez \u00eenc\u0103 o dat\u0103 acest lucru, \u015fi se adreseaz\u0103 pentru \u00eenceput comunelor din cele 28 de jude\u0163e ale \u0163\u0103rii, din zona montan\u0103, a\u015fa cum este definit\u0103 de legisla\u0163ia \u00een vigoare, respectiv de Legea muntelui. Acolo \u015ftim c\u0103 iernile sunt mai lungi \u015fi mai&#8230;<\/p>\n<\/div>\n<p><i>Citeste tot articolul: <a href=\"https:\/\/evz.ro\/rabla-pentru-sobe-2024-finantare.html\" target=\"_blank\" rel=\"noopener\">Rabla pentru sobe 2024. Cine va beneficia de finan\u021bare<\/a><\/i><\/p>\n<p> <img src=https:\/\/media.evz.ro\/wp-content\/uploads\/2022\/08\/Soba_EVZ-e1705499388498.jpg> <\/p>\n<p><i>Articolul &#8220;Rabla pentru sobe 2024. Cine va beneficia de finan\u021bare&#8221; al autorului  a fost publicat pe 17\/01\/2024 de <a href=\"https:\/\/evz.ro\/rabla-pentru-sobe-2024-finantare.html\" target=\"_blank\" rel=\"noopener\">evz.ro<\/a><\/i><\/p>\n","protected":false},"excerpt":{"rendered":"<p>Guvernul se preg\u0103te\u0219te s\u0103 lanseze \u0219i programul \u201eRabla pentru sobe 2024\u201d \u0219i a prezentat bugetul pentru programele Administra\u021biei Fondului pentru Mediu (AFM). Ministrul Mediului, Mircea Fechet, a anun\u021bat c\u0103 finan\u0163area se acord\u0103 pentru dispozitivele cu&#8230;<\/p>\n","protected":false},"author":58,"featured_media":20418,"comment_status":"closed","ping_status":"open","sticky":false,"template":"","format":"standard","meta":{"footnotes":""},"categories":[1],"tags":[],"class_list":{"0":"post-20417","1":"post","2":"type-post","3":"status-publish","4":"format-standard","5":"has-post-thumbnail","7":"category-societate"},"_links":{"self":[{"href":"https:\/\/hadnews.com\/ro\/wp-json\/wp\/v2\/posts\/20417","targetHints":{"allow":["GET"]}}],"collection":[{"href":"https:\/\/hadnews.com\/ro\/wp-json\/wp\/v2\/posts"}],"about":[{"href":"https:\/\/hadnews.com\/ro\/wp-json\/wp\/v2\/types\/post"}],"author":[{"embeddable":true,"href":"https:\/\/hadnews.com\/ro\/wp-json\/wp\/v2\/users\/58"}],"replies":[{"embeddable":true,"href":"https:\/\/hadnews.com\/ro\/wp-json\/wp\/v2\/comments?post=20417"}],"version-history":[{"count":0,"href":"https:\/\/hadnews.com\/ro\/wp-json\/wp\/v2\/posts\/20417\/revisions"}],"wp:featuredmedia":[{"embeddable":true,"href":"https:\/\/hadnews.com\/ro\/wp-json\/wp\/v2\/media\/20418"}],"wp:attachment":[{"href":"https:\/\/hadnews.com\/ro\/wp-json\/wp\/v2\/media?parent=20417"}],"wp:term":[{"taxonomy":"category","embeddable":true,"href":"https:\/\/hadnews.com\/ro\/wp-json\/wp\/v2\/categories?post=20417"},{"taxonomy":"post_tag","embeddable":true,"href":"https:\/\/hadnews.com\/ro\/wp-json\/wp\/v2\/tags?post=20417"}],"curies":[{"name":"wp","href":"https:\/\/api.w.org\/{rel}","templated":true}]}}