{"id":23347,"date":"2024-01-25T21:07:42","date_gmt":"2024-01-25T19:07:42","guid":{"rendered":"https:\/\/hadnews.com\/ro\/?p=23347"},"modified":"2024-02-09T09:41:00","modified_gmt":"2024-02-09T07:41:00","slug":"oficial-acesta-este-noul-porsche-macan-electric","status":"publish","type":"post","link":"https:\/\/hadnews.com\/ro\/oficial-acesta-este-noul-porsche-macan-electric\/","title":{"rendered":"Oficial: Acesta este noul Porsche Macan electric"},"content":{"rendered":"<p> Porsche a lansat noua genera\u021bie de Porsche Macan electric \u00een dou\u0103 variante, Macan 4 \u0219i Turbo. Obiectivul Porsche este acela  de a avea cel mai sportiv model din segment.<\/p>\n<p>Porsche a dezv\u0103luit ultima lor crea\u021bie electric\u0103, SUV-ul de dimensiuni medii Macan. Acesta reprezint\u0103 a doua incursiune a m\u0103rcii \u00een vehiculele electrice cu baterie, urm\u00e2nd modelul Taycan.<br \/>\nComparativ cu omologul s\u0103u cu motor cu ardere intern\u0103, Macan electric se laud\u0103 cu o putere mai mare, mai mult spa\u021biu, dar vine \u0219i cu un pre\u021b mai mare. Este echipat cu o baterie de 100 de kilowa\u021bi, oferind o autonomie maxim\u0103 de 613 km. Acest lucru \u00eel pozi\u021bioneaz\u0103 \u00een competi\u021bie direct\u0103 cu modele precum BMW iX \u0219i Mercedes-Benz EQE SUV.<\/p>\n<p>Angajamentul Porsche fa\u021b\u0103 de aerodinamic\u0103 este evident \u00een designul lui Macan, prezent\u00e2nd elemente active precum un spoiler adaptiv \u00een partea din spate care reduce rezisten\u021ba la \u00eenaintare.<br \/>\nLans\u00e2ndu-se ini\u021bial \u00een dou\u0103 variante, Macan 4 \u0219i Macan Turbo, ambele modele dispun de trac\u021biune integral\u0103 \u0219i de motoare electrice sincrone avansate pentru o densitate mai mare a puterii. Macan 4 accelereaz\u0103 de la 0 la 100 km\/h \u00een 5.1 secunde, \u00een timp ce versiunea Turbo atinge aceast\u0103 vitez\u0103 \u00een doar 3.3 secunde.<\/p>\n<p>Porsche a avut ca scop s\u0103 fac\u0103&#8230;<\/p>\n<p><i>Informatii furnizate prin amabilitatea Automarket. Citeste tot articolul: <a href=\"https:\/\/www.automarket.ro\/stiri\/oficial-acesta-este-noul-porsche-macan-electric-116681.html\" target=\"_blank\" rel=\"noopener\">Oficial: Acesta este noul Porsche Macan electric<\/a><\/i><\/p>\n<p><center><img src=https:\/\/static.automarket.ro\/img\/auto_resized\/db\/article\/116\/681\/845401l-900x0-w-adf29cf0.jpg> <\/center><\/p>\n<p><i>Articolul &#8220;Oficial: Acesta este noul Porsche Macan electric&#8221; al autorului Silvian Irimia a fost publicat pe 25\/01\/2024 de <a href=\"https:\/\/www.automarket.ro\/stiri\/oficial-acesta-este-noul-porsche-macan-electric-116681.html\" target=\"_blank\" rel=\"noopener\">www.automarket.ro<\/a><\/i><\/p>\n","protected":false},"excerpt":{"rendered":"<p>Porsche a lansat noua genera\u021bie de Porsche Macan electric \u00een dou\u0103 variante, Macan 4 \u0219i Turbo. Obiectivul Porsche este acela de a avea cel mai sportiv model din segment. Porsche a dezv\u0103luit ultima lor crea\u021bie electric\u0103, SUV-ul de&#8230;<\/p>\n","protected":false},"author":64,"featured_media":23348,"comment_status":"closed","ping_status":"open","sticky":false,"template":"","format":"standard","meta":{"footnotes":""},"categories":[2612],"tags":[],"class_list":{"0":"post-23347","1":"post","2":"type-post","3":"status-publish","4":"format-standard","5":"has-post-thumbnail","7":"category-auto"},"_links":{"self":[{"href":"https:\/\/hadnews.com\/ro\/wp-json\/wp\/v2\/posts\/23347","targetHints":{"allow":["GET"]}}],"collection":[{"href":"https:\/\/hadnews.com\/ro\/wp-json\/wp\/v2\/posts"}],"about":[{"href":"https:\/\/hadnews.com\/ro\/wp-json\/wp\/v2\/types\/post"}],"author":[{"embeddable":true,"href":"https:\/\/hadnews.com\/ro\/wp-json\/wp\/v2\/users\/64"}],"replies":[{"embeddable":true,"href":"https:\/\/hadnews.com\/ro\/wp-json\/wp\/v2\/comments?post=23347"}],"version-history":[{"count":0,"href":"https:\/\/hadnews.com\/ro\/wp-json\/wp\/v2\/posts\/23347\/revisions"}],"wp:featuredmedia":[{"embeddable":true,"href":"https:\/\/hadnews.com\/ro\/wp-json\/wp\/v2\/media\/23348"}],"wp:attachment":[{"href":"https:\/\/hadnews.com\/ro\/wp-json\/wp\/v2\/media?parent=23347"}],"wp:term":[{"taxonomy":"category","embeddable":true,"href":"https:\/\/hadnews.com\/ro\/wp-json\/wp\/v2\/categories?post=23347"},{"taxonomy":"post_tag","embeddable":true,"href":"https:\/\/hadnews.com\/ro\/wp-json\/wp\/v2\/tags?post=23347"}],"curies":[{"name":"wp","href":"https:\/\/api.w.org\/{rel}","templated":true}]}}