{"id":25512,"date":"2024-02-01T12:09:32","date_gmt":"2024-02-01T10:09:32","guid":{"rendered":"https:\/\/hadnews.com\/ro\/?p=25512"},"modified":"2024-02-09T09:40:11","modified_gmt":"2024-02-09T07:40:11","slug":"nu-i-vom-lasa-sa-ne-fure-tara","status":"publish","type":"post","link":"https:\/\/hadnews.com\/ro\/nu-i-vom-lasa-sa-ne-fure-tara\/","title":{"rendered":"Nu-i vom l\u0103sa s\u0103 ne fure \u021bara"},"content":{"rendered":"\n<div>\n<p>Viktor Orban, premierul Ungariei, a r\u0103bufnit la adresa Uniunii Europene, pe care o acuz\u0103 c\u0103 \u0219antajeaz\u0103 \u021bara sa. El a mai spus c\u0103 Ursula von der Leyen, a recunoscut ce are cu adev\u0103rat organismul de la<a rel=\"nofollow noopener\" target=\"_blank\" href=\"https:\/\/evz.ro\/viktor-orban-katalin-novak-naveta-romania-ascund-vizite-dese.html\"> Bruxelles<\/a> \u00eempotriva maghiarilor. \u201eNu permitem migran\u021bilor s\u0103 intre \u00een \u021bar\u0103 \u0219i activi\u0219tilor <a rel=\"nofollow noopener\" target=\"_blank\" href=\"https:\/\/evz.ro\/viktor-orban-katalin-novak-naveta-romania-ascund-vizite-dese.html\">LGBTQ<\/a> s\u0103 intre \u00een institu\u021biile de \u00eenv\u0103\u021b\u0103m\u00e2nt\u201d.<\/p>\n<h2>Viktor Orban a invocat migran\u021bii \u0219i activi\u0219tii LGBT<\/h2>\n<p>\u00cen contextul \u00een care Budapesta are par\u021bial blocat\u0103 finan\u021barea european\u0103, Viktor Orban a spus tran\u015fant: nu permitem <a rel=\"nofollow noopener\" target=\"_blank\" href=\"https:\/\/evz.ro\/viktor-orban-katalin-novak-naveta-romania-ascund-vizite-dese.html\">migran\u021bi<\/a> \u0219i nu ne d\u0103m copiii activi\u0219tilor LGBT pentru bani europeni.<\/p>\n<p><em>\u201eTot ceea ce putem spune, foarte calm, este c\u0103 nu exist\u0103 nicio sum\u0103 de bani pentru care vom permite intrarea migran\u021bilor. Nu exist\u0103 nicio sum\u0103 de bani pentru care s\u0103 le permitem s\u0103 ne fure \u021bara. Nu exist\u0103 nicio sum\u0103 de bani pentru care s\u0103 permitem genul de lucruri pe care le vedem \u00een \u021b\u0103rile din Europa de Vest: amenin\u021bare terorist\u0103, criminalitate, societ\u0103\u021bi paralele, \u0219i a\u0219 putea continua la nesf\u00e2r\u0219it.<\/em><\/p>\n<p><\/p>\n<p>Viktor Orban. Sursa foto:<a rel=\"nofollow noopener\" target=\"_blank\" href=\"https:\/\/www.facebook.com\/photo.php?fbid=933164801514452&amp;set=pb.100044628210344.-2207520000&amp;type=3\"> Facebook<\/a><\/p>\n<p><em>\u0218i nu exist\u0103 nicio sum\u0103 de bani pentru care s\u0103 ne punem copiii sau nepo\u021bii \u00een m\u00e2inile activi\u0219tilor LGBTQ. Acest lucru este imposibil. Nu, nu putem fi \u0219antaja\u021bi financiar pe aceste probleme. Pentru c\u0103&#8230;<\/em><\/p>\n<\/div>\n<p><i>Citeste tot articolul: <a href=\"https:\/\/evz.ro\/viktor-orban-transant-ue-vom-lasa-fure-tara.html\" target=\"_blank\" rel=\"noopener\">Nu-i vom l\u0103sa s\u0103 ne fure \u021bara<\/a><\/i><\/p>\n<p> <img src=https:\/\/media.evz.ro\/wp-content\/uploads\/2024\/01\/Viktor-Orban-1.jpg> <\/p>\n<p><i>Articolul &#8220;Nu-i vom l\u0103sa s\u0103 ne fure \u021bara&#8221; al autorului  a fost publicat pe 31\/01\/2024 de <a href=\"https:\/\/evz.ro\/viktor-orban-transant-ue-vom-lasa-fure-tara.html\" target=\"_blank\" rel=\"noopener\">evz.ro<\/a><\/i><\/p>\n","protected":false},"excerpt":{"rendered":"<p>Viktor Orban, premierul Ungariei, a r\u0103bufnit la adresa Uniunii Europene, pe care o acuz\u0103 c\u0103 \u0219antajeaz\u0103 \u021bara sa. El a mai spus c\u0103 Ursula von der Leyen, a recunoscut ce are cu adev\u0103rat organismul de la Bruxelles \u00eempotriva&#8230;<\/p>\n","protected":false},"author":58,"featured_media":25513,"comment_status":"closed","ping_status":"open","sticky":false,"template":"","format":"standard","meta":{"footnotes":""},"categories":[2450],"tags":[5469,2537,13130],"class_list":{"0":"post-25512","1":"post","2":"type-post","3":"status-publish","4":"format-standard","5":"has-post-thumbnail","7":"category-externe","8":"tag-ue","9":"tag-ungaria","10":"tag-uniunea-europeana"},"_links":{"self":[{"href":"https:\/\/hadnews.com\/ro\/wp-json\/wp\/v2\/posts\/25512","targetHints":{"allow":["GET"]}}],"collection":[{"href":"https:\/\/hadnews.com\/ro\/wp-json\/wp\/v2\/posts"}],"about":[{"href":"https:\/\/hadnews.com\/ro\/wp-json\/wp\/v2\/types\/post"}],"author":[{"embeddable":true,"href":"https:\/\/hadnews.com\/ro\/wp-json\/wp\/v2\/users\/58"}],"replies":[{"embeddable":true,"href":"https:\/\/hadnews.com\/ro\/wp-json\/wp\/v2\/comments?post=25512"}],"version-history":[{"count":0,"href":"https:\/\/hadnews.com\/ro\/wp-json\/wp\/v2\/posts\/25512\/revisions"}],"wp:featuredmedia":[{"embeddable":true,"href":"https:\/\/hadnews.com\/ro\/wp-json\/wp\/v2\/media\/25513"}],"wp:attachment":[{"href":"https:\/\/hadnews.com\/ro\/wp-json\/wp\/v2\/media?parent=25512"}],"wp:term":[{"taxonomy":"category","embeddable":true,"href":"https:\/\/hadnews.com\/ro\/wp-json\/wp\/v2\/categories?post=25512"},{"taxonomy":"post_tag","embeddable":true,"href":"https:\/\/hadnews.com\/ro\/wp-json\/wp\/v2\/tags?post=25512"}],"curies":[{"name":"wp","href":"https:\/\/api.w.org\/{rel}","templated":true}]}}