{"id":25756,"date":"2024-02-02T11:10:35","date_gmt":"2024-02-02T09:10:35","guid":{"rendered":"https:\/\/hadnews.com\/ro\/?p=25756"},"modified":"2024-02-09T09:40:06","modified_gmt":"2024-02-09T07:40:06","slug":"greta-thunberg-este-judecata-la-londra","status":"publish","type":"post","link":"https:\/\/hadnews.com\/ro\/greta-thunberg-este-judecata-la-londra\/","title":{"rendered":"Greta Thunberg este judecat\u0103 la Londra"},"content":{"rendered":"\n<div>\n<p class=\"p1\"><span class=\"s1\">Anul trecut, Greta Thunberg a luat parte la un protest \u00eempotriva companiilor petroliere. Al\u0103turi de al\u021bi activi\u0219ti de mediu, aceasta a fost luat\u0103 atunci cu duba de poli\u021bie. \u00cen prezent, cu to\u021bii sunt judeca\u021bi acum la Londra. Ac\u021biunea este condus\u0103 de un judec\u0103tor f\u0103r\u0103 juriu.<\/span><\/p>\n<h2 class=\"p1\"><span class=\"s1\">Greta Thunberg, judecat\u0103 la Londra<\/span><\/h2>\n<p class=\"p1\"><span class=\"s1\"> Activista de mediu \u0219i al\u021bi protestatari care au luat parte la protest sunt judeca\u021bi acum la Londra. Procesul este condus de un <a rel=\"nofollow noopener\" target=\"_blank\" href=\"https:\/\/evz.ro\/greta-thunberg-probleme-cu-legea.html\/amp\">judec\u0103tor<\/a>\u00a0f\u0103r\u0103 juriu. Greta Thunberg a fost re\u021binut\u0103, \u00een luna octombrie a anului trecut, \u00een fa\u021ba hotelului InterContinental Park Lane.<\/span><\/p>\n<figure id=\"attachment_3683585\" aria-describedby=\"caption-attachment-3683585\" style=\"width: 2048px\" class=\"wp-caption alignnone\"><figcaption id=\"caption-attachment-3683585\" class=\"wp-caption-text\">Greta Thunberg. Sursa foto: Arhiva EVZ<\/figcaption><\/figure>\n<p class=\"p1\"><span class=\"s1\">\u00cen perioada respectiv\u0103, \u00een incinta hotelului avea loc conferin\u021ba Energy Intelligence Forum. Evenimentul era organizat de reprezentan\u021bii unor companii de petrol \u0219i gaze. \u00a0<\/span>P\u00e2n\u0103 s\u0103 fie ridicat\u0103 de la protest, Greta Thunberg a primit mai multe avertismente din partea <a rel=\"nofollow noopener\" target=\"_blank\" href=\"https:\/\/evz.ro\/greta-thunberg-tinta-batjocurii-globale-activista-de-mediu-s-a-facut-de-ras-cu-o-predictie-ridicola.html\/amp\">autorit\u0103\u021bilor<\/a>. Pentru c\u0103 a refuzat s\u0103 plece din fa\u021ba cl\u0103dirii respective, aceasta a fost luat\u0103 cu duba.<\/p>\n<h2 class=\"p1\"><span class=\"s1\">Probleme mari cu legea<\/span><\/h2>\n<p class=\"p1\"><span class=\"s1\">Activista de mediu, cunoscut\u0103 la nivel mondial, este judecat\u0103 \u00eempreun\u0103 cu al\u021bi patru protestatari. Procesul a fost deschis la Curtea de Magistra\u021bi din Westminster, Londra, privind o infrac\u021biune \u00een temeiul Legii ordinii publice. <\/span><\/p>\n<p class=\"p1\"><span class=\"s1\">Cei&#8230;<\/span><\/p>\n<\/div>\n<p><i>Citeste tot articolul: <a href=\"https:\/\/evz.ro\/greta-thunberg-judecata-londra.html\" target=\"_blank\" rel=\"noopener\">Greta Thunberg este judecat\u0103 la Londra<\/a><\/i><\/p>\n<p> <img src=https:\/\/media.evz.ro\/wp-content\/uploads\/2023\/11\/Greta-1.jpg> <\/p>\n<p><i>Articolul &#8220;Greta Thunberg este judecat\u0103 la Londra&#8221; al autorului  a fost publicat pe 02\/02\/2024 de <a href=\"https:\/\/evz.ro\/greta-thunberg-judecata-londra.html\" target=\"_blank\" rel=\"noopener\">evz.ro<\/a><\/i><\/p>\n","protected":false},"excerpt":{"rendered":"<p>Anul trecut, Greta Thunberg a luat parte la un protest \u00eempotriva companiilor petroliere. Al\u0103turi de al\u021bi activi\u0219ti de mediu, aceasta a fost luat\u0103 atunci cu duba de poli\u021bie. \u00cen prezent, cu to\u021bii sunt judeca\u021bi acum la Londra. Ac\u021biunea&#8230;<\/p>\n","protected":false},"author":58,"featured_media":25757,"comment_status":"closed","ping_status":"open","sticky":false,"template":"","format":"standard","meta":{"footnotes":""},"categories":[2450],"tags":[17169,13158,14750,16646],"class_list":{"0":"post-25756","1":"post","2":"type-post","3":"status-publish","4":"format-standard","5":"has-post-thumbnail","7":"category-externe","8":"tag-judecata","9":"tag-londra","10":"tag-mediu","11":"tag-proces"},"_links":{"self":[{"href":"https:\/\/hadnews.com\/ro\/wp-json\/wp\/v2\/posts\/25756","targetHints":{"allow":["GET"]}}],"collection":[{"href":"https:\/\/hadnews.com\/ro\/wp-json\/wp\/v2\/posts"}],"about":[{"href":"https:\/\/hadnews.com\/ro\/wp-json\/wp\/v2\/types\/post"}],"author":[{"embeddable":true,"href":"https:\/\/hadnews.com\/ro\/wp-json\/wp\/v2\/users\/58"}],"replies":[{"embeddable":true,"href":"https:\/\/hadnews.com\/ro\/wp-json\/wp\/v2\/comments?post=25756"}],"version-history":[{"count":0,"href":"https:\/\/hadnews.com\/ro\/wp-json\/wp\/v2\/posts\/25756\/revisions"}],"wp:featuredmedia":[{"embeddable":true,"href":"https:\/\/hadnews.com\/ro\/wp-json\/wp\/v2\/media\/25757"}],"wp:attachment":[{"href":"https:\/\/hadnews.com\/ro\/wp-json\/wp\/v2\/media?parent=25756"}],"wp:term":[{"taxonomy":"category","embeddable":true,"href":"https:\/\/hadnews.com\/ro\/wp-json\/wp\/v2\/categories?post=25756"},{"taxonomy":"post_tag","embeddable":true,"href":"https:\/\/hadnews.com\/ro\/wp-json\/wp\/v2\/tags?post=25756"}],"curies":[{"name":"wp","href":"https:\/\/api.w.org\/{rel}","templated":true}]}}