{"id":27139,"date":"2024-02-06T12:20:10","date_gmt":"2024-02-06T10:20:10","guid":{"rendered":"https:\/\/hadnews.com\/ro\/?p=27139"},"modified":"2024-02-09T09:39:32","modified_gmt":"2024-02-09T07:39:32","slug":"taxa-pe-soare-contestata-de-prosumatori","status":"publish","type":"post","link":"https:\/\/hadnews.com\/ro\/taxa-pe-soare-contestata-de-prosumatori\/","title":{"rendered":"Taxa pe soare contestat\u0103 de prosumatori"},"content":{"rendered":"\n<div>\n<p>Taxa pe soare este o nou\u0103 g\u0103selni\u021b\u0103 prin care<a rel=\"nofollow noopener\" target=\"_blank\" href=\"https:\/\/evz.ro\/taxa-pe-carbon-recomandare-fmi.html\"> Guvernu<\/a>l ar inten\u021biona s\u0103 scoat\u0103 mai mul\u021bi bani din buzunarele rom\u00e2nilor. Sunt viza\u021bi prosumatorii, cei care produc energie electric\u0103 din surse alternative, pentru propriul consum.<\/p>\n<h2>Taxa pe Soare nu este cerut\u0103 de CE<\/h2>\n<p>Asocia\u021bia Prosumatorilor din Rom\u00e2nia spune c\u0103 o eventual\u0103 taxare a prosumatorilor, pentru energia produs\u0103, nu este cerut\u0103 de Uniunea European\u0103. Aceast\u0103 m\u0103sur\u0103 este la latitudinea fiec\u0103rui guvern na\u021bional. Drept urmare, solicit\u0103 guvernului condus de Marcel Ciolacu s\u0103 elaboreze un act normativ prin care s\u0103 se angajeze c\u0103 nu va impune aceast\u0103 nou\u0103 tax\u0103.<\/p>\n<blockquote>\n<p>\u201eInvocarea Directivei Europene pentru introducerea \u00abtaxei pe soare\u00bb a determinat Asocia\u021bia Prosumatorilor \u0219i a Comunit\u0103\u021bilor de Energie s\u0103 adreseze o solicitare de clarificare c\u0103tre Comisia European\u0103. R\u0103spunsul Comisiei Europene este clar \u0219i f\u0103r\u0103 echivoc: Articolul 21(3) este o clauz\u0103 de tip \u00abpoate\u00bb, ceea ce \u00eenseamn\u0103 c\u0103 transpunerea de c\u0103tre statele membre este op\u021bional\u0103. Prin urmare, Comisia nu consider\u0103 necompletarea transpunerii acestui tip de prevederi ca o \u00eenc\u0103lcare a Directivei\u201d, arat\u0103 Asocia\u021bia.<\/p>\n<\/blockquote>\n<p>Taxa este o form\u0103 de impozitare pentru energia electric\u0103 produs\u0103 \u0219i consumat\u0103 de prosumatori, pentru&#8230;<\/p>\n<\/div>\n<p><i>Citeste tot articolul: <a href=\"https:\/\/evz.ro\/taxa-pe-soare-contestata-prosumatori.html\" target=\"_blank\" rel=\"noopener\">Taxa pe soare contestat\u0103 de prosumatori<\/a><\/i><\/p>\n<p> <img src=https:\/\/media.evz.ro\/wp-content\/uploads\/2023\/11\/panouri-solare-scaled-e1707147749277.jpg> <\/p>\n<p><i>Articolul &#8220;Taxa pe soare contestat\u0103 de prosumatori&#8221; al autorului  a fost publicat pe 06\/02\/2024 de <a href=\"https:\/\/evz.ro\/taxa-pe-soare-contestata-prosumatori.html\" target=\"_blank\" rel=\"noopener\">evz.ro<\/a><\/i><\/p>\n","protected":false},"excerpt":{"rendered":"<p>Taxa pe soare este o nou\u0103 g\u0103selni\u021b\u0103 prin care Guvernul ar inten\u021biona s\u0103 scoat\u0103 mai mul\u021bi bani din buzunarele rom\u00e2nilor. Sunt viza\u021bi prosumatorii, cei care produc energie electric\u0103 din surse alternative, pentru propriul consum. Taxa pe Soare nu&#8230;<\/p>\n","protected":false},"author":58,"featured_media":27140,"comment_status":"closed","ping_status":"open","sticky":false,"template":"","format":"standard","meta":{"footnotes":""},"categories":[1],"tags":[5315,5374,5641],"class_list":{"0":"post-27139","1":"post","2":"type-post","3":"status-publish","4":"format-standard","5":"has-post-thumbnail","7":"category-societate","8":"tag-energie","9":"tag-guvern","10":"tag-taxa"},"_links":{"self":[{"href":"https:\/\/hadnews.com\/ro\/wp-json\/wp\/v2\/posts\/27139","targetHints":{"allow":["GET"]}}],"collection":[{"href":"https:\/\/hadnews.com\/ro\/wp-json\/wp\/v2\/posts"}],"about":[{"href":"https:\/\/hadnews.com\/ro\/wp-json\/wp\/v2\/types\/post"}],"author":[{"embeddable":true,"href":"https:\/\/hadnews.com\/ro\/wp-json\/wp\/v2\/users\/58"}],"replies":[{"embeddable":true,"href":"https:\/\/hadnews.com\/ro\/wp-json\/wp\/v2\/comments?post=27139"}],"version-history":[{"count":0,"href":"https:\/\/hadnews.com\/ro\/wp-json\/wp\/v2\/posts\/27139\/revisions"}],"wp:featuredmedia":[{"embeddable":true,"href":"https:\/\/hadnews.com\/ro\/wp-json\/wp\/v2\/media\/27140"}],"wp:attachment":[{"href":"https:\/\/hadnews.com\/ro\/wp-json\/wp\/v2\/media?parent=27139"}],"wp:term":[{"taxonomy":"category","embeddable":true,"href":"https:\/\/hadnews.com\/ro\/wp-json\/wp\/v2\/categories?post=27139"},{"taxonomy":"post_tag","embeddable":true,"href":"https:\/\/hadnews.com\/ro\/wp-json\/wp\/v2\/tags?post=27139"}],"curies":[{"name":"wp","href":"https:\/\/api.w.org\/{rel}","templated":true}]}}