{"id":27228,"date":"2024-02-06T16:26:57","date_gmt":"2024-02-06T14:26:57","guid":{"rendered":"https:\/\/hadnews.com\/ro\/?p=27228"},"modified":"2024-02-09T09:39:25","modified_gmt":"2024-02-09T07:39:25","slug":"felul-in-care-procesam-informatiile-arata-daca-credem-in-conspiratii","status":"publish","type":"post","link":"https:\/\/hadnews.com\/ro\/felul-in-care-procesam-informatiile-arata-daca-credem-in-conspiratii\/","title":{"rendered":"Felul \u00een care proces\u0103m informa\u021biile arat\u0103 dac\u0103 credem \u00een conspira\u021bii"},"content":{"rendered":"\n<div>\n<ul>\n<li><strong>Stilurile de g\u00e2ndire, cum ar fi procesarea intuitiv\u0103 \u0219i analitic\u0103 a informa\u021biilor, au fost identificate ca factori predictivi \u00een susceptibilitatea la teoriile conspira\u021biei.<\/strong><\/li>\n<li><strong>Studiile arat\u0103 c\u0103 un stil de g\u00e2ndire intuitiv nu este direct legat de inteligen\u021b\u0103.<\/strong><\/li>\n<li><strong>Studiile indic\u0103 faptul c\u0103 expunerea la credin\u021bele conspira\u021biei poate cre\u0219te susceptibilitatea individului la acestea.<\/strong><\/li>\n<\/ul>\n<p>\u00cen ultimele dou\u0103 decenii, \u0219i \u00een special \u00een ultimii cinci ani, a existat un interes \u0219tiin\u021bific tot mai mare pentru teoriile conspira\u021biei \u0219i oamenii care cred \u00een ele, conform <a rel=\"nofollow noopener\" target=\"_blank\" href=\"https:\/\/theconversation.com\/intelligence-doesnt-make-you-immune-to-conspiracy-theories-its-more-about-thinking-style-220978?utm_source=substack&amp;utm_medium=email\">The Conversation<\/a>. De\u0219i, unii pot crede c\u0103 credin\u021ba \u00een astfel de pove\u0219ti este legat\u0103 de nivelul de inteligen\u021b\u0103, cercet\u0103rile \u00eencep s\u0103 arate c\u0103 modul \u00een care g\u00e2ndesc oamenii ar putea fi mai important.<\/p>\n<p>Oamenii de \u0219tiin\u021b\u0103 sunt de acord c\u0103 a avea o m\u0103sur\u0103 de scepticism cu privire la relat\u0103rile oficiale ale evenimentelor este s\u0103n\u0103tos \u0219i important, dar teoretizarea conspira\u021biei poate duce la consecin\u021be periculoase pentru individ \u0219i pentru societate. Exist\u0103 un num\u0103r \u00een cre\u0219tere de cercet\u0103ri care se str\u0103duiesc s\u0103 afle ce fel de oameni sunt mai susceptibili la teoretizarea conspira\u021biei.<\/p>\n<h2 class=\"wp-block-heading\">G\u00e2ndirea&#8230;<\/h2>\n<\/div>\n<p><i>Citeste tot articolul: <a href=\"https:\/\/alephnews.ro\/stiinta\/felul-in-care-procesam-informatiile-poate-arata-daca-suntem-sau-nu-susceptibili-la-a-crede-ipoteze-conspirationiste\/\" target=\"_blank\" rel=\"noopener\">Felul \u00een care proces\u0103m informa\u021biile arat\u0103 dac\u0103 credem \u00een conspira\u021bii<\/a><\/i><\/p>\n<p> <img src=https:\/\/media.alephnews.ro\/2024\/02\/teoriialeconspiratiei-1024x754.png> <\/p>\n<p><i>Articolul &#8220;Felul \u00een care proces\u0103m informa\u021biile arat\u0103 dac\u0103 credem \u00een conspira\u021bii&#8221; al autorului Craciun Sara a fost publicat pe 06\/02\/2024 de <a href=\"https:\/\/alephnews.ro\/stiinta\/felul-in-care-procesam-informatiile-poate-arata-daca-suntem-sau-nu-susceptibili-la-a-crede-ipoteze-conspirationiste\/\" target=\"_blank\" rel=\"noopener\">alephnews.ro<\/a><\/i><\/p>\n","protected":false},"excerpt":{"rendered":"<p>Stilurile de g\u00e2ndire, cum ar fi procesarea intuitiv\u0103 \u0219i analitic\u0103 a informa\u021biilor, au fost identificate ca factori predictivi \u00een susceptibilitatea la teoriile conspira\u021biei.Studiile arat\u0103 c\u0103 un stil de g\u00e2ndire intuitiv nu este direct legat de&#8230;<\/p>\n","protected":false},"author":54,"featured_media":27229,"comment_status":"closed","ping_status":"open","sticky":false,"template":"","format":"standard","meta":{"footnotes":""},"categories":[3201],"tags":[18759],"class_list":{"0":"post-27228","1":"post","2":"type-post","3":"status-publish","4":"format-standard","5":"has-post-thumbnail","7":"category-stiinta","8":"tag-cercetare"},"_links":{"self":[{"href":"https:\/\/hadnews.com\/ro\/wp-json\/wp\/v2\/posts\/27228","targetHints":{"allow":["GET"]}}],"collection":[{"href":"https:\/\/hadnews.com\/ro\/wp-json\/wp\/v2\/posts"}],"about":[{"href":"https:\/\/hadnews.com\/ro\/wp-json\/wp\/v2\/types\/post"}],"author":[{"embeddable":true,"href":"https:\/\/hadnews.com\/ro\/wp-json\/wp\/v2\/users\/54"}],"replies":[{"embeddable":true,"href":"https:\/\/hadnews.com\/ro\/wp-json\/wp\/v2\/comments?post=27228"}],"version-history":[{"count":0,"href":"https:\/\/hadnews.com\/ro\/wp-json\/wp\/v2\/posts\/27228\/revisions"}],"wp:featuredmedia":[{"embeddable":true,"href":"https:\/\/hadnews.com\/ro\/wp-json\/wp\/v2\/media\/27229"}],"wp:attachment":[{"href":"https:\/\/hadnews.com\/ro\/wp-json\/wp\/v2\/media?parent=27228"}],"wp:term":[{"taxonomy":"category","embeddable":true,"href":"https:\/\/hadnews.com\/ro\/wp-json\/wp\/v2\/categories?post=27228"},{"taxonomy":"post_tag","embeddable":true,"href":"https:\/\/hadnews.com\/ro\/wp-json\/wp\/v2\/tags?post=27228"}],"curies":[{"name":"wp","href":"https:\/\/api.w.org\/{rel}","templated":true}]}}