{"id":27677,"date":"2024-02-07T18:45:39","date_gmt":"2024-02-07T16:45:39","guid":{"rendered":"https:\/\/hadnews.com\/ro\/?p=27677"},"modified":"2024-02-09T09:39:17","modified_gmt":"2024-02-09T07:39:17","slug":"reparatii-obligatorii-pentru-electrocasnice-impuse-de-ue","status":"publish","type":"post","link":"https:\/\/hadnews.com\/ro\/reparatii-obligatorii-pentru-electrocasnice-impuse-de-ue\/","title":{"rendered":"Repara\u021bii obligatorii pentru electrocasnice, impuse de UE"},"content":{"rendered":"\n<div>\n<p>Noua lege implic\u0103 faptul c\u0103 oamenii ar trebui s\u0103 aib\u0103 posibilitatea de a contacta direct produc\u0103torul pentru repara\u021bii, chiar dac\u0103 au cump\u0103rat produsul de la un retailer.<\/p>\n<p>Perioada de <a rel=\"nofollow noopener\" target=\"_blank\" href=\"https:\/\/evz.ro\/sistemul-garantie-returnare-micile-magazine.html\">garan\u021bie<\/a> legal\u0103 va fi extins\u0103 cu un an pentru dispozitivele care au fost reparate.<\/p>\n<h2><strong>Repara\u021bii gratuite pentru electrocasnice<\/strong><\/h2>\n<p><strong>Produc\u0103torii sunt obliga\u021bi s\u0103 p\u0103streze piesele de schimb disponibile \u0219i s\u0103 le pun\u0103 la dispozi\u021bia atelierelor independente.<\/strong><\/p>\n<p>Anumite categorii de produse, cum ar fi mobilierul sau c\u0103\u0219tile, vor fi exceptate de la repara\u021bii, care \u00eenc\u0103 trebuie s\u0103 fie elaborat\u0103 \u00een detaliu.<\/p>\n<p>Aprobarea oficial\u0103 a proiectului trebuie \u00eenc\u0103 ob\u021binut\u0103 din partea Parlamentului UE \u0219i a statelor membre, \u00eens\u0103 av\u00e2nd \u00een vedere consensul deja atins, acest lucru va fi probabil doar o formalitate.<\/p>\n<p><strong>\u201eNu ne mai putem permite s\u0103 tr\u0103im \u00eentr-o societate de uz casnic\u201d, a declarat negociatorul Parlamentului UE Ren\u00e9 Repasi.<\/strong><\/p>\n<p>Fiecare an, consumatorii din Europa genereaz\u0103 aproximativ 35 de milioane de tone de <a rel=\"nofollow noopener\" target=\"_blank\" href=\"https:\/\/evz.ro\/deseuri-ilegale-importuri-scutece-cercetare-penala.html\">de\u0219euri<\/a>, deoarece produsele nu sunt reparate \u0219i sunt \u00eenlocuite cu bunuri noi. Aceast\u0103 cantitate enorm\u0103 de de\u0219euri este completat\u0103 de emisiile d\u0103un\u0103toare provenite din produc\u021bia de bunuri noi.<\/p>\n<figure id=\"attachment_4457410\" aria-describedby=\"caption-attachment-4457410\" style=\"width: 2560px\" class=\"wp-caption alignnone\"><figcaption id=\"caption-attachment-4457410\" class=\"wp-caption-text\">Repara\u021bii electrocasnice. Sursa foto: Andrey Popov |&#8230;<\/strong><\/h2>\n<\/div>\n<p><i>Citeste tot articolul: <a href=\"https:\/\/evz.ro\/reparatii-electrocasnice-uniunea-europeana-producatorii-consumatori.html\" target=\"_blank\" rel=\"noopener\">Repara\u021bii obligatorii pentru electrocasnice, impuse de UE<\/a><\/i><\/p>\n<p> <img src=https:\/\/media.evz.ro\/wp-content\/uploads\/2021\/03\/electrocasnice.jpg> <\/p>\n<p><i>Articolul &#8220;Repara\u021bii obligatorii pentru electrocasnice, impuse de UE&#8221; al autorului  a fost publicat pe 07\/02\/2024 de <a href=\"https:\/\/evz.ro\/reparatii-electrocasnice-uniunea-europeana-producatorii-consumatori.html\" target=\"_blank\" rel=\"noopener\">evz.ro<\/a><\/i><\/p>\n","protected":false},"excerpt":{"rendered":"<p>Noua lege implic\u0103 faptul c\u0103 oamenii ar trebui s\u0103 aib\u0103 posibilitatea de a contacta direct produc\u0103torul pentru repara\u021bii, chiar dac\u0103 au cump\u0103rat produsul de la un retailer. Perioada de garan\u021bie legal\u0103 va fi extins\u0103 cu un an pentru&#8230;<\/p>\n","protected":false},"author":58,"featured_media":27678,"comment_status":"closed","ping_status":"open","sticky":false,"template":"","format":"standard","meta":{"footnotes":""},"categories":[1],"tags":[17627,15117,13130],"class_list":{"0":"post-27677","1":"post","2":"type-post","3":"status-publish","4":"format-standard","5":"has-post-thumbnail","7":"category-societate","8":"tag-electrocasnice","9":"tag-parlamentul-european","10":"tag-uniunea-europeana"},"_links":{"self":[{"href":"https:\/\/hadnews.com\/ro\/wp-json\/wp\/v2\/posts\/27677","targetHints":{"allow":["GET"]}}],"collection":[{"href":"https:\/\/hadnews.com\/ro\/wp-json\/wp\/v2\/posts"}],"about":[{"href":"https:\/\/hadnews.com\/ro\/wp-json\/wp\/v2\/types\/post"}],"author":[{"embeddable":true,"href":"https:\/\/hadnews.com\/ro\/wp-json\/wp\/v2\/users\/58"}],"replies":[{"embeddable":true,"href":"https:\/\/hadnews.com\/ro\/wp-json\/wp\/v2\/comments?post=27677"}],"version-history":[{"count":0,"href":"https:\/\/hadnews.com\/ro\/wp-json\/wp\/v2\/posts\/27677\/revisions"}],"wp:featuredmedia":[{"embeddable":true,"href":"https:\/\/hadnews.com\/ro\/wp-json\/wp\/v2\/media\/27678"}],"wp:attachment":[{"href":"https:\/\/hadnews.com\/ro\/wp-json\/wp\/v2\/media?parent=27677"}],"wp:term":[{"taxonomy":"category","embeddable":true,"href":"https:\/\/hadnews.com\/ro\/wp-json\/wp\/v2\/categories?post=27677"},{"taxonomy":"post_tag","embeddable":true,"href":"https:\/\/hadnews.com\/ro\/wp-json\/wp\/v2\/tags?post=27677"}],"curies":[{"name":"wp","href":"https:\/\/api.w.org\/{rel}","templated":true}]}}