{"id":28419,"date":"2024-02-09T18:16:30","date_gmt":"2024-02-09T16:16:30","guid":{"rendered":"https:\/\/hadnews.com\/ro\/?p=28419"},"modified":"2024-02-09T18:16:30","modified_gmt":"2024-02-09T16:16:30","slug":"a-murit-timisoreanul-care-a-strigat-libertate-in-1989","status":"publish","type":"post","link":"https:\/\/hadnews.com\/ro\/a-murit-timisoreanul-care-a-strigat-libertate-in-1989\/","title":{"rendered":"A murit timi\u0219oreanul care a strigat Libertate \u00een 1989"},"content":{"rendered":"\n<div>\n<p>A murit unul dintre revolu\u021bionarii care \u00een decembrie 1989 au strigat \u201eLibertate!\u201d, la <a rel=\"nofollow noopener\" target=\"_blank\" href=\"https:\/\/evz.ro\/20-decembrie-1989-timisoara-oras-liber-fraternizeaza-armata.html\">Timi\u0219oara<\/a>. Ioan B\u00eenciu a fost vicepre\u0219edinte al asocia\u021biei Memorialul Revolu\u021biei. So\u021bia sa a fost \u00eempu\u0219cat\u0103t \u00een primele zile ale Revolu\u021biei \u0219i a fost incinerat\u0103 la Bucure\u0219ti.<\/p>\n<figure id=\"attachment_4458150\" aria-describedby=\"caption-attachment-4458150\" style=\"width: 2000px\" class=\"wp-caption alignnone\"><figcaption id=\"caption-attachment-4458150\" class=\"wp-caption-text\">Ioan B\u00eenciu Sursa foto: captura video<\/figcaption><\/figure>\n<h2>A murit unul dintre revolu\u021bionarii timi\u0219oreni<\/h2>\n<p>Ioan B\u00eenciu s-a stins pe 8 februarie 2024, la v\u00e2rsta de 79 de ani. Marele s\u0103u regret, cu care a tr\u0103it peste 30 de ani de la <a rel=\"nofollow noopener\" target=\"_blank\" href=\"https:\/\/evz.ro\/17-decembrie-1989-au-avut-crime-timisoara.html\">Revolu\u021bie<\/a>, a fost c\u0103 nu a aflat cine au fost responsabilii pentru v\u0103rsarea de s\u00e2nge din 1989. A sperat toat\u0103 via\u021ba c\u0103, \u00een cele din urm\u0103, adev\u0103rul va ie\u0219i la suprafa\u021b\u0103 ca untdelemnul \u00een ap\u0103. N-a fost s\u0103 fie.<\/p>\n<p>So\u021bia sa, Leontina B\u00eenciu, a fost \u00eempu\u0219cat\u0103 mortal \u00een 17 decembrie 1989. Cei doi se aflau \u00eempreun\u0103 \u00eentr-o coloan\u0103 de manifestan\u021bi, \u00een zona podului Decebal din Timi\u0219oara. Trupul so\u021biei care a murit \u00eempu\u0219cat\u0103 a fost ridicat din spitalul jude\u021bean Timi\u0219 \u0219i incinerat, \u00een zilele respective, la un crematoriu din Bucure\u0219ti.<\/p>\n<p>Ioan B\u00eenciu a r\u0103mas s\u0103 creasc\u0103 singur 3 copii. El a fost membru fondator al asocia\u021biei \u201e<a rel=\"nofollow noopener\" target=\"_blank\" href=\"https:\/\/evz.ro\/18-decembrie-1989-in-timisoara-s-a-operat-ca-la-razboi-s-a-tras-in-spital-in-raniti-furia-elenei-ceausescu-s-a-dezlantuit.html\">17 Decembrie<\/a>\u201d a r\u0103ni\u021bilor \u0219i familiilor \u00eendoliate din Revolu\u021bie \u0219i vicepre\u0219edinte al asocia\u021biei \u201eMemorialul Revolu\u021biei\u201d. An&#8230;<\/p>\n<\/div>\n<p><i>Citeste tot articolul: <a href=\"https:\/\/evz.ro\/a-murit-timisoreanul-libertate.html\" target=\"_blank\" rel=\"noopener\">A murit timi\u0219oreanul care a strigat Libertate \u00een 1989<\/a><\/i><\/p>\n<p> <img src=https:\/\/media.evz.ro\/wp-content\/uploads\/2022\/01\/Lumanari_RzV-e1707488848512.jpg> <\/p>\n<p><i>Articolul &#8220;A murit timi\u0219oreanul care a strigat Libertate \u00een 1989&#8221; al autorului  a fost publicat pe 09\/02\/2024 de <a href=\"https:\/\/evz.ro\/a-murit-timisoreanul-libertate.html\" target=\"_blank\" rel=\"noopener\">evz.ro<\/a><\/i><\/p>\n","protected":false},"excerpt":{"rendered":"<p>A murit unul dintre revolu\u021bionarii care \u00een decembrie 1989 au strigat \u201eLibertate!\u201d, la Timi\u0219oara. Ioan B\u00eenciu a fost vicepre\u0219edinte al asocia\u021biei Memorialul Revolu\u021biei. So\u021bia sa a fost \u00eempu\u0219cat\u0103t \u00een primele zile ale Revolu\u021biei \u0219i a fost incinerat\u0103 la Bucure\u0219ti&#8230;<\/p>\n","protected":false},"author":58,"featured_media":28420,"comment_status":"closed","ping_status":"open","sticky":false,"template":"","format":"standard","meta":{"footnotes":""},"categories":[1],"tags":[4223,20265],"class_list":{"0":"post-28419","1":"post","2":"type-post","3":"status-publish","4":"format-standard","5":"has-post-thumbnail","7":"category-societate","8":"tag-a-murit","9":"tag-timisoara"},"_links":{"self":[{"href":"https:\/\/hadnews.com\/ro\/wp-json\/wp\/v2\/posts\/28419","targetHints":{"allow":["GET"]}}],"collection":[{"href":"https:\/\/hadnews.com\/ro\/wp-json\/wp\/v2\/posts"}],"about":[{"href":"https:\/\/hadnews.com\/ro\/wp-json\/wp\/v2\/types\/post"}],"author":[{"embeddable":true,"href":"https:\/\/hadnews.com\/ro\/wp-json\/wp\/v2\/users\/58"}],"replies":[{"embeddable":true,"href":"https:\/\/hadnews.com\/ro\/wp-json\/wp\/v2\/comments?post=28419"}],"version-history":[{"count":0,"href":"https:\/\/hadnews.com\/ro\/wp-json\/wp\/v2\/posts\/28419\/revisions"}],"wp:featuredmedia":[{"embeddable":true,"href":"https:\/\/hadnews.com\/ro\/wp-json\/wp\/v2\/media\/28420"}],"wp:attachment":[{"href":"https:\/\/hadnews.com\/ro\/wp-json\/wp\/v2\/media?parent=28419"}],"wp:term":[{"taxonomy":"category","embeddable":true,"href":"https:\/\/hadnews.com\/ro\/wp-json\/wp\/v2\/categories?post=28419"},{"taxonomy":"post_tag","embeddable":true,"href":"https:\/\/hadnews.com\/ro\/wp-json\/wp\/v2\/tags?post=28419"}],"curies":[{"name":"wp","href":"https:\/\/api.w.org\/{rel}","templated":true}]}}