{"id":28643,"date":"2024-02-10T19:49:26","date_gmt":"2024-02-10T17:49:26","guid":{"rendered":"https:\/\/hadnews.com\/ro\/?p=28643"},"modified":"2024-02-10T19:51:04","modified_gmt":"2024-02-10T17:51:04","slug":"tonul-scazut-al-vocii-un-atu-pentru-orice-barbat","status":"publish","type":"post","link":"https:\/\/hadnews.com\/ro\/tonul-scazut-al-vocii-un-atu-pentru-orice-barbat\/","title":{"rendered":"Tonul sc\u0103zut al vocii, un atu pentru orice b\u0103rbat"},"content":{"rendered":"\n<div>\n<p>Studiul, publicat \u00een revista Psychological Science, a constatat c\u0103 tonul mai sc\u0103zut al vocii la <a rel=\"nofollow noopener\" target=\"_blank\" href=\"https:\/\/evz.ro\/cei-mai-buni-barbati-din-zodiac.html\">b\u0103rba\u021bi<\/a> \u00eei face s\u0103 par\u0103 mai formidabili \u0219i s\u0103 le creasc\u0103 prestigiul \u00een r\u00e2ndul celorlal\u021bi b\u0103rba\u021bi.<\/p>\n<h2>Tonul vocii \u0219i evolu\u021bia<\/h2>\n<p>Acest studiu intercultural are implica\u021bii pentru \u00een\u021belegerea evolu\u021biei umane \u0219i a modului \u00een care oamenii din ziua de azi confer\u0103 \u0219i evalueaz\u0103 statutul social.<\/p>\n<p>Comunicarea vocal\u0103 este una dintre cele mai importante caracteristici umane, iar \u00een\u0103l\u021bimea tonului vocii este cel mai perceptibil aspect al vocii.<\/p>\n<p>\u00cen\u021belegerea modului \u00een care tonul vocii influen\u021beaz\u0103 percep\u021biile sociale ne poate ajuta s\u0103 \u00een\u021belegem rela\u021biile sociale \u00een sens mai larg, cum ob\u021binem statutul social, cum \u00eei evalu\u0103m pe ceilal\u021bi \u00een func\u021bie de statutul social \u0219i cum ne alegem partenerii.<\/p>\n<figure id=\"attachment_4458311\" aria-describedby=\"caption-attachment-4458311\" style=\"width: 2560px\" class=\"wp-caption alignnone\"><figcaption id=\"caption-attachment-4458311\" class=\"wp-caption-text\">\u00a9 Adinabulina | Dreamstime.com<\/figcaption><\/figure>\n<h2>Cum s-a desf\u0103\u0219urat studiul<\/h2>\n<p>Cercet\u0103torii au selectat dou\u0103 \u00eenregistr\u0103ri vocale masculine \u0219i dou\u0103 \u00eenregistr\u0103ri vocale feminine care repetau aceea\u0219i propozi\u021bie, au editat clipurile pentru a produce tonul mediu pentru sexul vorbitorului, plus o versiune mai \u00eenalt\u0103 \u0219i una mai joas\u0103 a fiec\u0103rei voci \u0219i au \u00eemp\u0103r\u021bit clipurile \u00een perechi b\u0103rbat-b\u0103rbat \u0219i femeie-femeie.<\/p>\n<p>Peste 3.100 de participan\u021bi din 22 de \u021b\u0103ri,&#8230;<\/p>\n<\/div>\n<p><i>Citeste tot articolul: <a href=\"https:\/\/evz.ro\/tonul-scazut-al-vocii-creste.html\" target=\"_blank\" rel=\"noopener\">Tonul sc\u0103zut al vocii, un atu pentru orice b\u0103rbat<\/a><\/i><\/p>\n<p> <img src=https:\/\/media.evz.ro\/wp-content\/uploads\/2024\/02\/barbati-scaled.jpg> <\/p>\n<p><i>Articolul &#8220;Tonul sc\u0103zut al vocii, un atu pentru orice b\u0103rbat&#8221; al autorului  a fost publicat pe 10\/02\/2024 de <a href=\"https:\/\/evz.ro\/tonul-scazut-al-vocii-creste.html\" target=\"_blank\" rel=\"noopener\">evz.ro<\/a><\/i><\/p>\n","protected":false},"excerpt":{"rendered":"<p>Studiul, publicat \u00een revista Psychological Science, a constatat c\u0103 tonul mai sc\u0103zut al vocii la b\u0103rba\u021bi \u00eei face s\u0103 par\u0103 mai formidabili \u0219i s\u0103 le creasc\u0103 prestigiul \u00een r\u00e2ndul celorlal\u021bi b\u0103rba\u021bi. Tonul vocii \u0219i evolu\u021bia Acest studiu intercultural are implica\u021bii&#8230;<\/p>\n","protected":false},"author":58,"featured_media":28644,"comment_status":"closed","ping_status":"open","sticky":false,"template":"","format":"standard","meta":{"footnotes":""},"categories":[1],"tags":[20244,20702,15489],"class_list":{"0":"post-28643","1":"post","2":"type-post","3":"status-publish","4":"format-standard","5":"has-post-thumbnail","7":"category-societate","8":"tag-barbat","9":"tag-influenta","10":"tag-voce"},"_links":{"self":[{"href":"https:\/\/hadnews.com\/ro\/wp-json\/wp\/v2\/posts\/28643","targetHints":{"allow":["GET"]}}],"collection":[{"href":"https:\/\/hadnews.com\/ro\/wp-json\/wp\/v2\/posts"}],"about":[{"href":"https:\/\/hadnews.com\/ro\/wp-json\/wp\/v2\/types\/post"}],"author":[{"embeddable":true,"href":"https:\/\/hadnews.com\/ro\/wp-json\/wp\/v2\/users\/58"}],"replies":[{"embeddable":true,"href":"https:\/\/hadnews.com\/ro\/wp-json\/wp\/v2\/comments?post=28643"}],"version-history":[{"count":0,"href":"https:\/\/hadnews.com\/ro\/wp-json\/wp\/v2\/posts\/28643\/revisions"}],"wp:featuredmedia":[{"embeddable":true,"href":"https:\/\/hadnews.com\/ro\/wp-json\/wp\/v2\/media\/28644"}],"wp:attachment":[{"href":"https:\/\/hadnews.com\/ro\/wp-json\/wp\/v2\/media?parent=28643"}],"wp:term":[{"taxonomy":"category","embeddable":true,"href":"https:\/\/hadnews.com\/ro\/wp-json\/wp\/v2\/categories?post=28643"},{"taxonomy":"post_tag","embeddable":true,"href":"https:\/\/hadnews.com\/ro\/wp-json\/wp\/v2\/tags?post=28643"}],"curies":[{"name":"wp","href":"https:\/\/api.w.org\/{rel}","templated":true}]}}