{"id":30203,"date":"2024-02-14T19:06:57","date_gmt":"2024-02-14T17:06:57","guid":{"rendered":"https:\/\/hadnews.com\/ro\/?p=30203"},"modified":"2024-02-14T19:06:57","modified_gmt":"2024-02-14T17:06:57","slug":"nicolas-sarkozy-condamnat-la-un-an-de-inchisoare","status":"publish","type":"post","link":"https:\/\/hadnews.com\/ro\/nicolas-sarkozy-condamnat-la-un-an-de-inchisoare\/","title":{"rendered":"Nicolas Sarkozy, condamnat la un an de \u00eenchisoare"},"content":{"rendered":"\n<div>\n<p style=\"font-weight: 400;\">Nicolas Sarkozy trebuie s\u0103 execute \u00eens\u0103 doar \u0219ase luni \u00eenchisoare \u0219i o poate face la domiciliu, dar doar dac\u0103 poart\u0103 o br\u0103\u021bar\u0103 electronic\u0103.<\/p>\n<h2 style=\"font-weight: 400;\"><strong>Nicolas Sarkozy, condamnat la un an de \u00eenchisoare<\/strong><\/h2>\n<p style=\"font-weight: 400;\">\u00cen anul 2021, \u00een urma primei decizii judec\u0103tore\u0219ti, el a fost condamnat la un an de \u00eenchisoare cu executare, f\u0103r\u0103 s\u0103 beneficieze de suspendare. Cu toate acestea, acum el va putea s\u0103 \u00ee\u0219i execute pedeapsa acas\u0103, evit\u00e2nd astfel deten\u021bia \u00eentr-o \u00eenchisoare.<\/p>\n<p style=\"font-weight: 400;\">Fost lider al \u021b\u0103rii \u00eentre 2007 \u0219i 2012, Nicolas Sarkozy a continuat s\u0103 fie o figur\u0103 respectat\u0103 \u00een cadrul partidului conservator \u0219i men\u021bine rela\u021bii cordiale cu pre\u0219edintele <a rel=\"nofollow noopener\" target=\"_blank\" href=\"https:\/\/evz.ro\/emmanuel-macron-acuzat-inalta-tradare.html\">Emmanuel Macron<\/a>, chiar dac\u0103 a avut de \u00eenfruntat diverse procese \u0219i investiga\u021bii.<\/p>\n<h2 style=\"font-weight: 400;\"><strong>Fostul pre\u0219edinte a negat \u00eentotdeauna acuza\u021biile aduse<\/strong><\/h2>\n<p style=\"font-weight: 400;\">Nicolas Sarkozy a respins mereu acuza\u021biile conform c\u0103rora partidul s\u0103u, Les Republicains, cunoscut anterior sub numele de UMP, ar fi fost implicat \u00eentr-o colaborare cu o firm\u0103 de rela\u021bii publice numit\u0103 Bygmalion pentru a ascunde cheltuielile reale ale campaniei sale.<\/p>\n<p style=\"font-weight: 400;\"><strong>\u201eNu am ales niciun furnizor, nu am semnat nicio ofert\u0103, nicio factur\u0103\u201d, a declarat fostul \u0219ef de stat \u00een fa\u021ba instan\u021bei, potrivit <a rel=\"nofollow noopener\" target=\"_blank\" href=\"https:\/\/www.france24.com\/en\/live-news\/20240214-\ud83d\udd34-ex-french-president-sarkozy-handed-one-year-jail-sentence-for-illegal-2012-campaign-financing\">France.24<\/a>.<\/strong><\/p>\n<p style=\"font-weight: 400;\">\u00cen 2025, el va fi trimis \u00een judecat\u0103 \u00eentr-un alt dosar, fiind&#8230;<\/p>\n<\/div>\n<p><i>Citeste tot articolul: <a href=\"https:\/\/evz.ro\/nicolas-sarkozy-fost-presedinte-franta-inchisoare.html\" target=\"_blank\" rel=\"noopener\">Nicolas Sarkozy, condamnat la un an de \u00eenchisoare<\/a><\/i><\/p>\n<p> <img src=https:\/\/media.evz.ro\/wp-content\/uploads\/2021\/03\/Nicolas-Sarkozy-scaled.jpg> <\/p>\n<p><i>Articolul &#8220;Nicolas Sarkozy, condamnat la un an de \u00eenchisoare&#8221; al autorului  a fost publicat pe 14\/02\/2024 de <a href=\"https:\/\/evz.ro\/nicolas-sarkozy-fost-presedinte-franta-inchisoare.html\" target=\"_blank\" rel=\"noopener\">evz.ro<\/a><\/i><\/p>\n","protected":false},"excerpt":{"rendered":"<p>Nicolas Sarkozy trebuie s\u0103 execute \u00eens\u0103 doar \u0219ase luni \u00eenchisoare \u0219i o poate face la domiciliu, dar doar dac\u0103 poart\u0103 o br\u0103\u021bar\u0103 electronic\u0103. Nicolas Sarkozy, condamnat la un an de \u00eenchisoare \u00cen anul 2021, \u00een urma primei decizii judec\u0103tore\u0219ti, el a fost&#8230;<\/p>\n","protected":false},"author":58,"featured_media":30204,"comment_status":"closed","ping_status":"open","sticky":false,"template":"","format":"standard","meta":{"footnotes":""},"categories":[2450],"tags":[22231,2344,20206],"class_list":{"0":"post-30203","1":"post","2":"type-post","3":"status-publish","4":"format-standard","5":"has-post-thumbnail","7":"category-externe","8":"tag-condamnare","9":"tag-franta","10":"tag-inchisoare"},"_links":{"self":[{"href":"https:\/\/hadnews.com\/ro\/wp-json\/wp\/v2\/posts\/30203","targetHints":{"allow":["GET"]}}],"collection":[{"href":"https:\/\/hadnews.com\/ro\/wp-json\/wp\/v2\/posts"}],"about":[{"href":"https:\/\/hadnews.com\/ro\/wp-json\/wp\/v2\/types\/post"}],"author":[{"embeddable":true,"href":"https:\/\/hadnews.com\/ro\/wp-json\/wp\/v2\/users\/58"}],"replies":[{"embeddable":true,"href":"https:\/\/hadnews.com\/ro\/wp-json\/wp\/v2\/comments?post=30203"}],"version-history":[{"count":0,"href":"https:\/\/hadnews.com\/ro\/wp-json\/wp\/v2\/posts\/30203\/revisions"}],"wp:featuredmedia":[{"embeddable":true,"href":"https:\/\/hadnews.com\/ro\/wp-json\/wp\/v2\/media\/30204"}],"wp:attachment":[{"href":"https:\/\/hadnews.com\/ro\/wp-json\/wp\/v2\/media?parent=30203"}],"wp:term":[{"taxonomy":"category","embeddable":true,"href":"https:\/\/hadnews.com\/ro\/wp-json\/wp\/v2\/categories?post=30203"},{"taxonomy":"post_tag","embeddable":true,"href":"https:\/\/hadnews.com\/ro\/wp-json\/wp\/v2\/tags?post=30203"}],"curies":[{"name":"wp","href":"https:\/\/api.w.org\/{rel}","templated":true}]}}