{"id":32253,"date":"2024-02-20T17:22:05","date_gmt":"2024-02-20T15:22:05","guid":{"rendered":"https:\/\/hadnews.com\/ro\/?p=32253"},"modified":"2024-02-20T17:22:05","modified_gmt":"2024-02-20T15:22:05","slug":"atena-si-haosul-fermierilor","status":"publish","type":"post","link":"https:\/\/hadnews.com\/ro\/atena-si-haosul-fermierilor\/","title":{"rendered":"Atena \u0219i haosul fermierilor"},"content":{"rendered":"\n<div>\n<p>\u00cen fa\u0163a<a rel=\"nofollow noopener\" target=\"_blank\" href=\"https:\/\/evz.ro\/protest-fermieri-planificat.html\"> tractoarelor<\/a>, guvernul grec \u00eencearc\u0103 interven\u0163ii \u201echirurgicale\u201d\u00a0 pentru detensionarea situa\u0163iei.<\/p>\n<h2>Haos la Atena<\/h2>\n<p>Sosirea \u00een num\u0103r mare a fermierilor greci cu tractoarele \u00een centrul Atenei este de a\u0219teptat s\u0103 creeze<a rel=\"nofollow noopener\" target=\"_blank\" href=\"https:\/\/evz.ro\/revolta-fermierilor-nemultumiri-an-electoral.html\"> haos<\/a> \u00een trafic, chiar dac\u0103 poli\u0163ia rutier\u0103 a dispus m\u0103suri de reglementare a circula\u021biei \u00een perspectiva mitingului programat pentru mar\u0163i dup\u0103-amiaza de la ora 18:30 \u00een fa\u0163a Parlamentului. Concret, traficul va fi \u00eentrerupt temporar de-a lungul traseului pe care \u00eel vor urma vehiculele agricole.<\/p>\n<p>Sute de tractoare \u0219i autobuze cu fermieri au plecat de luni din \u00eentreaga Grecie spre Atena, \u00eentr-o escaladare a unor tensiuni care dureaz\u0103 de mult timp \u015fi care necesit\u0103 interven\u0163ii de mare fine\u0163e at\u00e2t din partea guvernului, c\u00e2t \u0219i a fermierilor pentru a nu degenera. Guvernul grec a decis s\u0103 lase tractoarele s\u0103 intre \u00een capital\u0103 \u00eentr-un mod ordonat, sper\u00e2nd c\u0103 dup\u0103 acest demers mi\u0219carea de protest se va mai \u201edomoli\u201d.<\/p>\n<p>Potrivit unor informa\u0163ii, circa 150 de tractoare \u015fi zeci de microbuze pentru<a rel=\"nofollow noopener\" target=\"_blank\" href=\"https:\/\/evz.ro\/fermierii-din-republica-moldova-protest-vama-leusteni.html\"> transportul protestatarilor<\/a> sunt a\u015fteptate mar\u0163i, la Atena.\u00a0 Planul fermierilor este de a se \u00eent\u00e2lni cu to\u0163ii la intrare \u00een Atena urm\u00e2nd ca apoi s\u0103 strabat\u0103 str\u0103zile capitalei \u00een convoi.<\/p>\n<figure id=\"attachment_4444757\" aria-describedby=\"caption-attachment-4444757\" style=\"width: 1116px\" class=\"wp-caption alignnone\"><figcaption id=\"caption-attachment-4444757\" class=\"wp-caption-text\">Grecia, Acropole. Sursa&#8230;<\/figcaption><\/figure>\n<\/div>\n<p><i>Citeste tot articolul: <a href=\"https:\/\/evz.ro\/atena-paralizata-marti-tractoarele-fermieril.html\" target=\"_blank\" rel=\"noopener\">Atena \u0219i haosul fermierilor<\/a><\/i><\/p>\n<p> <img src=https:\/\/media.evz.ro\/wp-content\/uploads\/2024\/02\/tractoare-atena-1200x800.jpg> <\/p>\n<p><i>Articolul &#8220;Atena \u0219i haosul fermierilor&#8221; al autorului  a fost publicat pe 20\/02\/2024 de <a href=\"https:\/\/evz.ro\/atena-paralizata-marti-tractoarele-fermieril.html\" target=\"_blank\" rel=\"noopener\">evz.ro<\/a><\/i><\/p>\n","protected":false},"excerpt":{"rendered":"<p>\u00cen fa\u0163a tractoarelor, guvernul grec \u00eencearc\u0103 interven\u0163ii \u201echirurgicale\u201d\u00a0 pentru detensionarea situa\u0163iei. Haos la Atena Sosirea \u00een num\u0103r mare a fermierilor greci cu tractoarele \u00een centrul Atenei este de a\u0219teptat s\u0103 creeze haos \u00een trafic, chiar dac\u0103 poli\u0163ia&#8230;<\/p>\n","protected":false},"author":58,"featured_media":32254,"comment_status":"closed","ping_status":"open","sticky":false,"template":"","format":"standard","meta":{"footnotes":""},"categories":[2450],"tags":[21411,6666,7936],"class_list":{"0":"post-32253","1":"post","2":"type-post","3":"status-publish","4":"format-standard","5":"has-post-thumbnail","7":"category-externe","8":"tag-atena","9":"tag-grecia","10":"tag-protest"},"_links":{"self":[{"href":"https:\/\/hadnews.com\/ro\/wp-json\/wp\/v2\/posts\/32253","targetHints":{"allow":["GET"]}}],"collection":[{"href":"https:\/\/hadnews.com\/ro\/wp-json\/wp\/v2\/posts"}],"about":[{"href":"https:\/\/hadnews.com\/ro\/wp-json\/wp\/v2\/types\/post"}],"author":[{"embeddable":true,"href":"https:\/\/hadnews.com\/ro\/wp-json\/wp\/v2\/users\/58"}],"replies":[{"embeddable":true,"href":"https:\/\/hadnews.com\/ro\/wp-json\/wp\/v2\/comments?post=32253"}],"version-history":[{"count":0,"href":"https:\/\/hadnews.com\/ro\/wp-json\/wp\/v2\/posts\/32253\/revisions"}],"wp:featuredmedia":[{"embeddable":true,"href":"https:\/\/hadnews.com\/ro\/wp-json\/wp\/v2\/media\/32254"}],"wp:attachment":[{"href":"https:\/\/hadnews.com\/ro\/wp-json\/wp\/v2\/media?parent=32253"}],"wp:term":[{"taxonomy":"category","embeddable":true,"href":"https:\/\/hadnews.com\/ro\/wp-json\/wp\/v2\/categories?post=32253"},{"taxonomy":"post_tag","embeddable":true,"href":"https:\/\/hadnews.com\/ro\/wp-json\/wp\/v2\/tags?post=32253"}],"curies":[{"name":"wp","href":"https:\/\/api.w.org\/{rel}","templated":true}]}}