{"id":35041,"date":"2024-02-28T11:58:27","date_gmt":"2024-02-28T09:58:27","guid":{"rendered":"https:\/\/hadnews.com\/ro\/?p=35041"},"modified":"2024-02-28T11:58:27","modified_gmt":"2024-02-28T09:58:27","slug":"jeff-williams-anunta-ca-apple-opreste-productia-de-masini-electrice","status":"publish","type":"post","link":"https:\/\/hadnews.com\/ro\/jeff-williams-anunta-ca-apple-opreste-productia-de-masini-electrice\/","title":{"rendered":"Jeff Williams anun\u021b\u0103 c\u0103 Apple opre\u0219te produc\u021bia de ma\u0219ini electrice"},"content":{"rendered":"\n<div>\n<ul>\n<li><strong>Apple a anun\u021bat c\u0103 renun\u021b\u0103 la noul model de ma\u0219in\u0103 electric\u0103.<\/strong><\/li>\n<li><strong>Compania va redirec\u021biona investi\u021biile pe GenAI.<\/strong><\/li>\n<li><strong>Peste 2000 de angaja\u021bi lucrau la acest proiect.<\/strong><\/li>\n<\/ul>\n<p>Dac\u0103 sperai s\u0103 fii printre primii \u0219oferi care urmau s\u0103 conduc\u0103 noul model de ma\u0219in\u0103 electric\u0103 al celor de la Apple\u2026ei bine, Jeff Williams, COO-ul gigantului tech, anun\u021b\u0103 c\u0103 marele proiect e anulat.<\/p>\n<h2 class=\"wp-block-heading\" id=\"h-de-ce-a-renun\u021bat-apple-la-unul-dintre-proiectele-cele-mai-promi\u021batoare\">De ce a renun\u021bat Apple la unul dintre proiectele cele mai promi\u021b\u0103toare?<\/h2>\n<p>Apple anun\u021b\u0103 c\u0103 renun\u021b\u0103 la planul m\u0103re\u021b de a deveni un juc\u0103tor puternic pe <a rel=\"nofollow noopener\" target=\"_blank\" href=\"https:\/\/alephnews.ro\/business\/uite-cum-schimba-a-i-piata-muncii-primele-lucruri-pe-care-trebuie-sa-le-ai-in-cv\/\">pia\u021ba<\/a> de EV-uri \u0219i \u00ee\u0219i redirec\u021bioneaz\u0103 investi\u021biile pe GenAI. Proiectul era \u00eentr-un stadiu destul de avansat. B\u0103t\u0103lia cea mai mare \u00eentre Big Tech se va da pe terenul <a rel=\"nofollow noopener\" target=\"_blank\" href=\"https:\/\/alephnews.ro\/tehnologie\/nasa-si-institul-seti-folosesc-programele-a-i-pentru-a-cauta-viata-extraterestra\/\">programelor<\/a> de inteligen\u021b\u0103 artificial\u0103 generativ\u0103. Este probabil ca Apple s\u0103 preg\u0103teasc\u0103 ceva interesant \u00een aceast\u0103 direc\u021bie, altfel nu luau o astfel de decizie radical\u0103.<\/p>\n<h2 class=\"wp-block-heading\">Ce se va \u00eent\u00e2mpla cu angaja\u021bii?<\/h2>\n<p>Erau aproximativ 2000 de angaja\u021bi care lucrau la noul proiect, iar mul\u021bi dintre ace\u0219tia erau specializa\u021bi exclusiv pe produc\u021bia de ma\u0219ini, nicidecum pe programe de tipul GenAI. \u00cen cazul acestora, greu de crezut c\u0103 va exista o reconversie profesional\u0103 rapid\u0103, deci probabil vor urma c\u00e2teva concedieri. E un risc pe care \u021bi-l asumi dac\u0103 lucrezi la un brand precum Apple.<\/p>\n<p><strong>Cite\u0219te \u0219i<\/strong><\/p>\n<\/p><\/div>\n<p><script>!function (f, b, e, v, n, t, s) {\n        if (f.fbq) return;\n        n = f.fbq = function () {\n            n.callMethod ?\n                n.callMethod.apply(n, arguments) :...<\/script><\/p>\n<p><i>Citeste tot articolul: <a href=\"https:\/\/alephnews.ro\/tehnologie\/jeff-williams-anunta-ca-apple-opreste-productia-de-masini-electrice-unde-vor-merge-investitiile-companiei\/\" target=\"_blank\" rel=\"noopener\">Jeff Williams anun\u021b\u0103 c\u0103 Apple opre\u0219te produc\u021bia de ma\u0219ini electrice<\/a><\/i><\/p>\n<p> <img src=https:\/\/media.alephnews.ro\/2024\/02\/shutterstock_206196790-scaled.jpg> <\/p>\n<p><i>Articolul &#8220;Jeff Williams anun\u021b\u0103 c\u0103 Apple opre\u0219te produc\u021bia de ma\u0219ini electrice&#8221; al autorului Flavius Niculescu a fost publicat pe 28\/02\/2024 de <a href=\"https:\/\/alephnews.ro\/tehnologie\/jeff-williams-anunta-ca-apple-opreste-productia-de-masini-electrice-unde-vor-merge-investitiile-companiei\/\" target=\"_blank\" rel=\"noopener\">alephnews.ro<\/a><\/i><\/p>\n","protected":false},"excerpt":{"rendered":"<p>Apple a anun\u021bat c\u0103 renun\u021b\u0103 la noul model de ma\u0219in\u0103 electric\u0103. Compania va redirec\u021biona investi\u021biile pe GenAI. Peste 2000 de angaja\u021bi lucrau la acest proiect. Dac\u0103 sperai s\u0103 fii printre primii \u0219oferi care urmau s\u0103 conduc\u0103 noul model de ma\u0219in\u0103 electric\u0103 al celor&#8230;<\/p>\n","protected":false},"author":54,"featured_media":35042,"comment_status":"closed","ping_status":"open","sticky":false,"template":"","format":"standard","meta":{"footnotes":""},"categories":[3161],"tags":[16060,2499],"class_list":{"0":"post-35041","1":"post","2":"type-post","3":"status-publish","4":"format-standard","5":"has-post-thumbnail","7":"category-tehnologie","8":"tag-apple","9":"tag-masini-electrice"},"_links":{"self":[{"href":"https:\/\/hadnews.com\/ro\/wp-json\/wp\/v2\/posts\/35041","targetHints":{"allow":["GET"]}}],"collection":[{"href":"https:\/\/hadnews.com\/ro\/wp-json\/wp\/v2\/posts"}],"about":[{"href":"https:\/\/hadnews.com\/ro\/wp-json\/wp\/v2\/types\/post"}],"author":[{"embeddable":true,"href":"https:\/\/hadnews.com\/ro\/wp-json\/wp\/v2\/users\/54"}],"replies":[{"embeddable":true,"href":"https:\/\/hadnews.com\/ro\/wp-json\/wp\/v2\/comments?post=35041"}],"version-history":[{"count":0,"href":"https:\/\/hadnews.com\/ro\/wp-json\/wp\/v2\/posts\/35041\/revisions"}],"wp:featuredmedia":[{"embeddable":true,"href":"https:\/\/hadnews.com\/ro\/wp-json\/wp\/v2\/media\/35042"}],"wp:attachment":[{"href":"https:\/\/hadnews.com\/ro\/wp-json\/wp\/v2\/media?parent=35041"}],"wp:term":[{"taxonomy":"category","embeddable":true,"href":"https:\/\/hadnews.com\/ro\/wp-json\/wp\/v2\/categories?post=35041"},{"taxonomy":"post_tag","embeddable":true,"href":"https:\/\/hadnews.com\/ro\/wp-json\/wp\/v2\/tags?post=35041"}],"curies":[{"name":"wp","href":"https:\/\/api.w.org\/{rel}","templated":true}]}}