{"id":36089,"date":"2024-03-02T13:59:07","date_gmt":"2024-03-02T11:59:07","guid":{"rendered":"https:\/\/hadnews.com\/ro\/?p=36089"},"modified":"2024-03-02T13:59:07","modified_gmt":"2024-03-02T11:59:07","slug":"stirile-intermedia-1-martie-2024-video","status":"publish","type":"post","link":"https:\/\/hadnews.com\/ro\/stirile-intermedia-1-martie-2024-video\/","title":{"rendered":"\u0218tirile Intermedia &#8211; 1 Martie 2024 &#8211; Video"},"content":{"rendered":"<p>C\u0103t\u0103lina Biholar v\u0103 prezint\u0103 \u0218tirile Intermedia.<br \/>\nIat\u0103 \u0219i c\u00e2teva dintre subiectele zilei: Un b\u0103rbat din jude\u021bul Suceava a sus\u021binut de 53 de ori proba teoretic\u0103 a examenului pentru permis p\u00e2n\u0103 a reu\u0219it s\u0103 o promoveze. Primarul comunei Vatra Moldovi\u021bei a fost demis din func\u021bie printr-un ordin semnat de prefectul jude\u021bului Suceava. Virgil Saghin nu va putea alege \u0219i nici candida, iar ciclistul f\u0103lticenean Vlad Dasc\u0103lu a \u00eenceput bine noul an.<br \/>\nDetalii despre acestea \u0219i alte subiecte, \u00een \u0219tirile pe larg.<\/p>\n<p>Televiziunea Intermedia Suceava:<\/p>\n<p>Site &#8211; http:\/\/intermediatv.ro<br \/>\nFacebook &#8211; http:\/\/facebook.com\/TeleviziuneaIntermedia<br \/>\nYouTube &#8211; http:\/\/www.youtube.com\/TeleviziuneaIntermedia<br \/>\n<\/p>\n<div class=\"video-container\">\n  <iframe width='910' height='510' class=\"video\" src=\"https:\/\/www.youtube.com\/embed\/Q5rmJzMfEbA\" allowfullscreen><\/iframe>\n<\/div>\n<p><i>Video &#8220;\u0218tirile Intermedia &#8211; 1 Martie 2024\u201d a fost \u00eenc\u0103rcat pe 01\/03\/2024 pe canalul YouTube <a href=\"https:\/\/www.youtube.com\/channel\/UCc7PKF8z-xIsjU99-UIDkHg\" target=\"_blank\" rel=\"noopener\"> Televiziunea Intermedia <\/a><\/i><\/p>\n","protected":false},"excerpt":{"rendered":"<p>C\u0103t\u0103lina Biholar v\u0103 prezint\u0103 \u0218tirile Intermedia. Iat\u0103 \u0219i c\u00e2teva dintre subiectele zilei: Un b\u0103rbat din jude\u021bul Suceava a sus\u021binut de 53 de ori proba teoretic\u0103 a examenului pentru permis p\u00e2n\u0103 a reu\u0219it s\u0103 o promoveze. Primarul comunei Vatra Moldovi\u021bei a fost&#8230;<\/p>\n","protected":false},"author":63,"featured_media":36090,"comment_status":"closed","ping_status":"open","sticky":false,"template":"","format":"standard","meta":{"footnotes":""},"categories":[8158,3200],"tags":[2710,17658,8168,13308,2271,14199,8167,8166,17657],"class_list":{"0":"post-36089","1":"post","2":"type-post","3":"status-publish","4":"format-standard","5":"has-post-thumbnail","7":"category-stiri","8":"category-video","9":"tag-2710","10":"tag-events","11":"tag-intermedia","12":"tag-news","13":"tag-romania","14":"tag-stirile","15":"tag-televiziunea-intermedia","16":"tag-televiziunea-intermedia-suceava","17":"tag-updates"},"_links":{"self":[{"href":"https:\/\/hadnews.com\/ro\/wp-json\/wp\/v2\/posts\/36089","targetHints":{"allow":["GET"]}}],"collection":[{"href":"https:\/\/hadnews.com\/ro\/wp-json\/wp\/v2\/posts"}],"about":[{"href":"https:\/\/hadnews.com\/ro\/wp-json\/wp\/v2\/types\/post"}],"author":[{"embeddable":true,"href":"https:\/\/hadnews.com\/ro\/wp-json\/wp\/v2\/users\/63"}],"replies":[{"embeddable":true,"href":"https:\/\/hadnews.com\/ro\/wp-json\/wp\/v2\/comments?post=36089"}],"version-history":[{"count":0,"href":"https:\/\/hadnews.com\/ro\/wp-json\/wp\/v2\/posts\/36089\/revisions"}],"wp:featuredmedia":[{"embeddable":true,"href":"https:\/\/hadnews.com\/ro\/wp-json\/wp\/v2\/media\/36090"}],"wp:attachment":[{"href":"https:\/\/hadnews.com\/ro\/wp-json\/wp\/v2\/media?parent=36089"}],"wp:term":[{"taxonomy":"category","embeddable":true,"href":"https:\/\/hadnews.com\/ro\/wp-json\/wp\/v2\/categories?post=36089"},{"taxonomy":"post_tag","embeddable":true,"href":"https:\/\/hadnews.com\/ro\/wp-json\/wp\/v2\/tags?post=36089"}],"curies":[{"name":"wp","href":"https:\/\/api.w.org\/{rel}","templated":true}]}}