{"id":36711,"date":"2024-03-04T08:58:38","date_gmt":"2024-03-04T06:58:38","guid":{"rendered":"https:\/\/hadnews.com\/ro\/?p=36711"},"modified":"2024-03-04T08:58:38","modified_gmt":"2024-03-04T06:58:38","slug":"cum-te-imbraci-inspira-te-de-la-paris-fashion-week","status":"publish","type":"post","link":"https:\/\/hadnews.com\/ro\/cum-te-imbraci-inspira-te-de-la-paris-fashion-week\/","title":{"rendered":"Cum te \u00eembraci? Inspir\u0103-te de la Paris Fashion Week"},"content":{"rendered":"\n<div>\n<ul>\n<li><strong>Show-ul Balenciaga a adus o pies\u0103 controversat\u0103 \u2013 o rochie f\u0103cut\u0103 din sutiene<\/strong><\/li>\n<li><strong>Designerul Valentino a renun\u021bat la culorile aprinse \u0219i a venit cu o colec\u021bie neagr\u0103<\/strong><\/li>\n<li><strong>Colec\u021bia monocromatic\u0103 a Valentino a str\u0103lucit sub candelabre de cristal<\/strong><\/li>\n<\/ul>\n<p>Te duc acum la Paris.<br \/>\u0218i nu oriunde, ci la s\u0103pt\u0103m\u00e2na modei. Balenciaga a adus anul acesta inova\u021bii \u00een materie de \u00eembr\u0103c\u0103minte.<br \/>Show-ul a inclus rochii drapate, haine maxi din blan\u0103 artificial\u0103, \u0219i poate cea mai interesant\u0103 pies\u0103, o rochie f\u0103cut\u0103 din sutiene. Pentru prezentarea brandului, Balenciaga s-a folosit de \u00eentrebarea existen\u021bial\u0103 care \u00eei fr\u0103m\u00e2nt\u0103 pe mul\u021bi profesioni\u0219ti din industrie: \u201eCe este moda?\u201d.<\/p>\n<figure class=\"wp-block-embed is-type-video is-provider-youtube wp-block-embed-youtube wp-embed-aspect-16-9 wp-has-aspect-ratio\">\n<p> <iframe title=\"Balenciaga Fall\/Winter 2024\/25 Paris\" width=\"1170\" height=\"658\" src=\"https:\/\/www.youtube.com\/embed\/a_S0ts9Nc50?feature=oembed\" frameborder=\"0\" allow=\"accelerometer; autoplay; clipboard-write; encrypted-media; gyroscope; picture-in-picture; web-share\" referrerpolicy=\"strict-origin-when-cross-origin\" allowfullscreen><\/iframe><\/p>\n<\/figure>\n<p>Mergem acum la <a rel=\"nofollow noopener\" target=\"_blank\" href=\"https:\/\/www.valentino.com\/en-ro\/?tp=160185&amp;utm_campaign=1.Valentino_RO_SEA_B_Pure-Brand+%5BE%5D&amp;utm_source=GOOGLE&amp;utm_medium=cpc&amp;utm_content=B_Pure-Brand+%5BE%5D&amp;utm_term=valentino&amp;utm_country=ROW&amp;utm_type=SEARCH&amp;s_kwcid=AL!11557!3!691491065253!p43929161676!B_Pure-Brand+%5BE%5D!GOOGLE!!valentino&amp;gad_source=1&amp;gclid=CjwKCAiA3JCvBhA8EiwA4kujZqEQkggYXYfcDRMMz1YJlqhPJDf9dvnOvqCD2OXoVbX2SeGXjvLwZRoCorQQAvD_BwE&amp;gclsrc=aw.ds\">Valentino<\/a>. Pierpaolo Piccioli este hot\u0103r\u00e2t s\u0103 l\u0103rgeasc\u0103 spectrul de culori al casei de mod\u0103. Dup\u0103 ro\u0219u \u0219i roz, acum el dedic\u0103 colec\u021bia prezentat\u0103 la Paris, negrului.<\/p>\n<p>Designerul Pierpaolo Piccioli a declarat c\u0103 \u201ea abordat negrul ca pe o p\u00e2nz\u0103, un punct de plecare pe care s\u0103 construiasc\u0103 \u2026 siluete care se pot mi\u0219ca \u00een timp ce caut\u0103 lumini \u00een jur, pentru a le absorbi \u0219i a le reflecta\u201d.<\/p>\n<figure class=\"wp-block-embed is-type-video is-provider-youtube wp-block-embed-youtube wp-embed-aspect-16-9 wp-has-aspect-ratio\">\n<p>&#8230;<\/p>\n<\/figure>\n<\/div>\n<p><i>Citeste tot articolul: <a href=\"https:\/\/alephnews.ro\/entertainment\/cum-te-imbraci-inspira-te-de-la-paris-fashion-week\/\" target=\"_blank\" rel=\"noopener\">Cum te \u00eembraci? Inspir\u0103-te de la Paris Fashion Week<\/a><\/i><\/p>\n<p> <img src=https:\/\/media.alephnews.ro\/2024\/03\/paris-fashion-week.jpg> <\/p>\n<p><i>Articolul &#8220;Cum te \u00eembraci? Inspir\u0103-te de la Paris Fashion Week&#8221; al autorului Ramona S\u00eerbu a fost publicat pe 04\/03\/2024 de <a href=\"https:\/\/alephnews.ro\/entertainment\/cum-te-imbraci-inspira-te-de-la-paris-fashion-week\/\" target=\"_blank\" rel=\"noopener\">alephnews.ro<\/a><\/i><\/p>\n","protected":false},"excerpt":{"rendered":"<p>Show-ul Balenciaga a adus o pies\u0103 controversat\u0103 \u2013 o rochie f\u0103cut\u0103 din sutiene Designerul Valentino a renun\u021bat la culorile aprinse \u0219i a venit cu o colec\u021bie neagr\u0103 Colec\u021bia monocromatic\u0103 a Valentino a str\u0103lucit sub candelabre de cristal Te duc acum la Paris.\u0218i&#8230;<\/p>\n","protected":false},"author":54,"featured_media":36712,"comment_status":"closed","ping_status":"open","sticky":false,"template":"","format":"standard","meta":{"footnotes":""},"categories":[3202],"tags":[2544],"class_list":{"0":"post-36711","1":"post","2":"type-post","3":"status-publish","4":"format-standard","5":"has-post-thumbnail","7":"category-divertisment","8":"tag-paris"},"_links":{"self":[{"href":"https:\/\/hadnews.com\/ro\/wp-json\/wp\/v2\/posts\/36711","targetHints":{"allow":["GET"]}}],"collection":[{"href":"https:\/\/hadnews.com\/ro\/wp-json\/wp\/v2\/posts"}],"about":[{"href":"https:\/\/hadnews.com\/ro\/wp-json\/wp\/v2\/types\/post"}],"author":[{"embeddable":true,"href":"https:\/\/hadnews.com\/ro\/wp-json\/wp\/v2\/users\/54"}],"replies":[{"embeddable":true,"href":"https:\/\/hadnews.com\/ro\/wp-json\/wp\/v2\/comments?post=36711"}],"version-history":[{"count":0,"href":"https:\/\/hadnews.com\/ro\/wp-json\/wp\/v2\/posts\/36711\/revisions"}],"wp:featuredmedia":[{"embeddable":true,"href":"https:\/\/hadnews.com\/ro\/wp-json\/wp\/v2\/media\/36712"}],"wp:attachment":[{"href":"https:\/\/hadnews.com\/ro\/wp-json\/wp\/v2\/media?parent=36711"}],"wp:term":[{"taxonomy":"category","embeddable":true,"href":"https:\/\/hadnews.com\/ro\/wp-json\/wp\/v2\/categories?post=36711"},{"taxonomy":"post_tag","embeddable":true,"href":"https:\/\/hadnews.com\/ro\/wp-json\/wp\/v2\/tags?post=36711"}],"curies":[{"name":"wp","href":"https:\/\/api.w.org\/{rel}","templated":true}]}}