{"id":37112,"date":"2024-03-05T18:25:13","date_gmt":"2024-03-05T16:25:13","guid":{"rendered":"https:\/\/hadnews.com\/ro\/?p=37112"},"modified":"2024-03-05T18:25:13","modified_gmt":"2024-03-05T16:25:13","slug":"camerele-de-marsarier-devin-obligatorii-in-germania","status":"publish","type":"post","link":"https:\/\/hadnews.com\/ro\/camerele-de-marsarier-devin-obligatorii-in-germania\/","title":{"rendered":"Camerele de mar\u0219arier devin obligatorii \u00een Germania"},"content":{"rendered":"\n<div>\n<div class=\"blog-details-thumb\">\n <span class=\"wp-caption-text\">Sursa foto: Arhiva EVZ<\/span> <\/div>\n<p class=\"first-info\" style=\"background: #f9f9f9; padding: 10px;font-weight:700\">Uniunea European\u0103 a decis s\u0103 introduc\u0103 noi reglement\u0103ri privind vehiculele \u0219i circula\u021bia rutier\u0103. Din iulie 2024, \u0219oferii vor fi nevoi\u021bi s\u0103 respecte anumite reguli pentru a nu fi amenda\u021bi. <\/p>\n<p>\n\u00cencep\u00e2nd cu 7 iulie 2024, camerele de mar\u0219arier vor deveni obligatorii pentru ma\u0219inile noi \u00een <a rel=\"nofollow noopener\" target=\"_blank\" href=\"https:\/\/evz.ro\/soferi-de-tir-salarii.html\">Germania<\/a>. Acestea sunt menite s\u0103 previn\u0103 \u201ecoliziunile cu persoane \u0219i obiecte din spatele vehiculului\u201d, scrie Ministerul Federal pentru Afaceri Digitale \u0219i Transport (BMDV).\n<\/p>\n<p>\nAnul trecut, 2.830 de persoane au murit \u00een accidente rutiere \u00een Germania, iar autorit\u0103\u021bile au fost nevoit\u0103 s\u0103 aplice m\u0103suri dure. Regulamentul UE stabile\u0219te patru perioade diferite de la A la D, p\u00e2n\u0103 la sf\u00e2r\u0219itul c\u0103rora noile reglement\u0103ri ar trebui s\u0103 intre \u00een vigoare.\n<\/p>\n<div class=\"alert alert-warning mt-3 wp-caption-text\" style=\"font-size: 1.2rem;padding: 5px;\">Ne pute\u021bi urm\u0103ri \u0219i pe <a rel=\"nofollow noopener\" target=\"_blank\" href=\"https:\/\/news.google.com\/publications\/CAAiEAwsA5e-j-EjlSc1GgguIqIqFAgKIhAMLAOXvo_hI5UnNRoILiKi?oc=3&amp;ceid=RO:ro&amp;hl=ro&amp;gl=RO\"><strong>Google News<\/strong><\/a><\/div>\n<h2>\nCamerele de mar\u0219arier vor deveni obligatorii<br \/>\n<\/h2>\n<p>\nAceast\u0103 obliga\u021bie se va aplica \u0219i ma\u0219inilor mai vechi care sunt v\u00e2ndute dup\u0103 data introducerii regulamentului. Automobilele trebuie echipate cu o camer\u0103 de mar\u0219arier func\u021bional\u0103 \u0219i\/sau senzori corespunz\u0103tori. Dac\u0103 un \u0219ofer cump\u0103r\u0103 o ma\u0219in\u0103 mai veche cu o camer\u0103 de mar\u0219arier \u0219i senzori existente, trebuie s\u0103 se asigure c\u0103 dispozitivul func\u021bioneaz\u0103 corect. Cei care nu respect\u0103 legea&#8230;<\/p>\n<\/div>\n<p><i>Citeste tot articolul: <a href=\"https:\/\/evz.ro\/camerele-de-marsarier-obligatie-soferi.html\" target=\"_blank\" rel=\"noopener\">Camerele de mar\u0219arier devin obligatorii \u00een Germania<\/a><\/i><\/p>\n<p> <img src=https:\/\/media.evz.ro\/wp-content\/uploads\/2021\/11\/schimbari-majore-privind-masinile-cu-volan-pe-dreapta-e1709541979353.jpg> <\/p>\n<p><i>Articolul &#8220;Camerele de mar\u0219arier devin obligatorii \u00een Germania&#8221; al autorului  a fost publicat pe 05\/03\/2024 de <a href=\"https:\/\/evz.ro\/camerele-de-marsarier-obligatie-soferi.html\" target=\"_blank\" rel=\"noopener\">evz.ro<\/a><\/i><\/p>\n","protected":false},"excerpt":{"rendered":"<p>Sursa foto: Arhiva EVZ Uniunea European\u0103 a decis s\u0103 introduc\u0103 noi reglement\u0103ri privind vehiculele \u0219i circula\u021bia rutier\u0103. Din iulie 2024, \u0219oferii vor fi nevoi\u021bi s\u0103 respecte anumite reguli pentru a nu fi amenda\u021bi. \u00cencep\u00e2nd cu 7 iulie 2024, camerele de mar\u0219arier&#8230;<\/p>\n","protected":false},"author":58,"featured_media":37113,"comment_status":"closed","ping_status":"open","sticky":false,"template":"","format":"standard","meta":{"footnotes":""},"categories":[1],"tags":[5371,2341,3669,4611],"class_list":{"0":"post-37112","1":"post","2":"type-post","3":"status-publish","4":"format-standard","5":"has-post-thumbnail","7":"category-societate","8":"tag-amenzi","9":"tag-germania","10":"tag-masini","11":"tag-soferi"},"_links":{"self":[{"href":"https:\/\/hadnews.com\/ro\/wp-json\/wp\/v2\/posts\/37112","targetHints":{"allow":["GET"]}}],"collection":[{"href":"https:\/\/hadnews.com\/ro\/wp-json\/wp\/v2\/posts"}],"about":[{"href":"https:\/\/hadnews.com\/ro\/wp-json\/wp\/v2\/types\/post"}],"author":[{"embeddable":true,"href":"https:\/\/hadnews.com\/ro\/wp-json\/wp\/v2\/users\/58"}],"replies":[{"embeddable":true,"href":"https:\/\/hadnews.com\/ro\/wp-json\/wp\/v2\/comments?post=37112"}],"version-history":[{"count":0,"href":"https:\/\/hadnews.com\/ro\/wp-json\/wp\/v2\/posts\/37112\/revisions"}],"wp:featuredmedia":[{"embeddable":true,"href":"https:\/\/hadnews.com\/ro\/wp-json\/wp\/v2\/media\/37113"}],"wp:attachment":[{"href":"https:\/\/hadnews.com\/ro\/wp-json\/wp\/v2\/media?parent=37112"}],"wp:term":[{"taxonomy":"category","embeddable":true,"href":"https:\/\/hadnews.com\/ro\/wp-json\/wp\/v2\/categories?post=37112"},{"taxonomy":"post_tag","embeddable":true,"href":"https:\/\/hadnews.com\/ro\/wp-json\/wp\/v2\/tags?post=37112"}],"curies":[{"name":"wp","href":"https:\/\/api.w.org\/{rel}","templated":true}]}}